{"id":663,"date":"2018-05-16T10:52:58","date_gmt":"2018-05-16T08:52:58","guid":{"rendered":"https:\/\/theball.tv\/2018\/?p=663"},"modified":"2018-06-01T19:21:37","modified_gmt":"2018-06-01T18:21:37","slug":"istanbul-tour-de-bosporus","status":"publish","type":"post","link":"https:\/\/theball.tv\/2018\/2018\/05\/16\/istanbul-tour-de-bosporus\/","title":{"rendered":"ISTANBUL \u2013 Tour de Bosporus"},"content":{"rendered":"<div class=\"sof_mirror\"><a href=\"https:\/\/spirit-of-football.de\/2018\/05\/16\/istanbul-tour-de-bosporus\/\" class=\"button sof_german_post\">Read this post in German<\/a><\/div><p><strong>Wednesday, 16th May 2018<\/strong><\/p>\n<p>Today the Spirit team went on a grand tour of Istanbul. Together with Felix Schmidt and his colleagues of the Friedrich-Ebert-Foundation we visited Mevl\u00fct Uysal, the Lord Mayor of Istanbul. We were invited like royalty into the Town Hall, together with the German Consul General, Georg Birgelen. After receiving the Lord Mayor&#8217;s signature, we went on to the city quarter of \u015ei\u015fli, where we met the township mayor Hayri \u0130n\u00f6n\u00fc of the social-democratic party CHP. We had the feeling of finding in him a strong supporter of our ideas of equality, respect and democracy. He took an hour of his time to ask us about our association, our projects and the Ball journey. The signing of The Ball by Hayri \u0130n\u00f6n\u00fc and his entire team was cordial and relaxed. <\/p>\n<p>When we happened to pass the stadium of the first league football team Be\u015fikta\u015f Istanbul, we spontaneously decided on a visit. The staff of the Club, whose fan groups are known for their progressive and freedom-loving attitude, welcomed us with open arms. We received a quickly organized but impressive tour of the loudest stadium in Europe.<\/p>\n<p>After that we continued towards the Blue Mosque, whose Imam had granted us an appointment at short notice, in order to give his blessing to The Ball&#8217;s further Journey.  The Imam surprised us with his cordial and benevolent stance towards us. Without much introduction he recognized the meaning and symbolism, which we also see in The Ball. For me, personally, his statement was the most impressive of the day: <strong>&#8220;When all religions, which have been created in order to ensure peace on earth, are not able to accomplish this goal, then we should search for new ways and tools to reach it&#8221;. For the Imam The Ball has the potential to be such a tool :-)<\/strong><\/p>\n<p>by Sven Messerschmidt<\/p>\n<p>&nbsp;<\/p>\n<div class=\"tiled-gallery type-rectangular tiled-gallery-unresized\" data-original-width=\"660\" data-carousel-extra='{&quot;blog_id&quot;:12,&quot;permalink&quot;:false,&quot;likes_blog_id&quot;:false}' itemscope itemtype=\"http:\/\/schema.org\/ImageGallery\" > <div class=\"gallery-row\" style=\"width: 660px; height: 331px;\" data-original-width=\"660\" data-original-height=\"331\" > <div class=\"gallery-group images-1\" style=\"width: 440px; height: 331px;\" data-original-width=\"440\" data-original-height=\"331\" > <div class=\"tiled-gallery-item tiled-gallery-item-large\" itemprop=\"associatedMedia\" itemscope itemtype=\"http:\/\/schema.org\/ImageObject\"> <a class=\"nolightbox\" class=\"nolightbox\" href=\"https:\/\/spirit-of-football.de\/2018\/05\/16\/istanbul-tour-de-bosporus\/20180516_120615\/\" border=\"0\" itemprop=\"url\"> <meta itemprop=\"width\" content=\"436\"> <meta itemprop=\"height\" content=\"327\"> <img decoding=\"async\" class=\"\" data-attachment-id=\"8619\" data-orig-file=\"https:\/\/theball.tv\/2018\/wp-content\/uploads\/sites\/12\/2018\/05\/20180516_120615-scaled.jpg\" data-orig-size=\"2560,1920\" data-comments-opened=\"\" data-image-meta=\"{&quot;aperture&quot;:&quot;2.4&quot;,&quot;credit&quot;:&quot;&quot;,&quot;camera&quot;:&quot;SM-G965F&quot;,&quot;caption&quot;:&quot;&quot;,&quot;created_timestamp&quot;:&quot;1526472375&quot;,&quot;copyright&quot;:&quot;&quot;,&quot;focal_length&quot;:&quot;6&quot;,&quot;iso&quot;:&quot;200&quot;,&quot;shutter_speed&quot;:&quot;0.03030303030303&quot;,&quot;title&quot;:&quot;&quot;,&quot;orientation&quot;:&quot;1&quot;}\" data-image-title=\"B\u00fcrgermeister von Istanbul\" data-image-description=\"\" data-medium-file=\"https:\/\/theball.tv\/2018\/wp-content\/uploads\/sites\/12\/2018\/05\/20180516_120615-300x225.jpg\" data-large-file=\"https:\/\/theball.tv\/2018\/wp-content\/uploads\/sites\/12\/2018\/05\/20180516_120615-1024x768.jpg\" src=\"https:\/\/theball.tv\/2018\/wp-content\/uploads\/sites\/12\/2018\/05\/20180516_120615-scaled.jpg\" srcset=\"https:\/\/theball.tv\/2018\/wp-content\/uploads\/sites\/12\/2018\/05\/20180516_120615-scaled.jpg 2560w, https:\/\/theball.tv\/2018\/wp-content\/uploads\/sites\/12\/2018\/05\/20180516_120615-1536x1152.jpg 1536w, https:\/\/theball.tv\/2018\/wp-content\/uploads\/sites\/12\/2018\/05\/20180516_120615-2048x1536.jpg 2048w, https:\/\/theball.tv\/2018\/wp-content\/uploads\/sites\/12\/2018\/05\/20180516_120615-16x12.jpg 16w, https:\/\/theball.tv\/2018\/wp-content\/uploads\/sites\/12\/2018\/05\/20180516_120615-960x720.jpg 960w, https:\/\/theball.tv\/2018\/wp-content\/uploads\/sites\/12\/2018\/05\/20180516_120615-427x320.jpg 427w, https:\/\/theball.tv\/2018\/wp-content\/uploads\/sites\/12\/2018\/05\/20180516_120615-640x480.jpg 640w, https:\/\/theball.tv\/2018\/wp-content\/uploads\/sites\/12\/2018\/05\/20180516_120615-618x464.jpg 618w, https:\/\/theball.tv\/2018\/wp-content\/uploads\/sites\/12\/2018\/05\/20180516_120615-240x180.jpg 240w, https:\/\/theball.tv\/2018\/wp-content\/uploads\/sites\/12\/2018\/05\/20180516_120615-980x735.jpg 980w, https:\/\/theball.tv\/2018\/wp-content\/uploads\/sites\/12\/2018\/05\/20180516_120615-300x225.jpg 300w, https:\/\/theball.tv\/2018\/wp-content\/uploads\/sites\/12\/2018\/05\/20180516_120615-768x576.jpg 768w, https:\/\/theball.tv\/2018\/wp-content\/uploads\/sites\/12\/2018\/05\/20180516_120615-1024x768.jpg 1024w, https:\/\/theball.tv\/2018\/wp-content\/uploads\/sites\/12\/2018\/05\/20180516_120615-400x300.jpg 400w\" width=\"436\" height=\"327\" loading=\"lazy\" data-original-width=\"436\" data-original-height=\"327\" itemprop=\"http:\/\/schema.org\/image\" title=\"B\u00fcrgermeister von Istanbul\" alt=\"B\u00fcrgermeister von Istanbul\" style=\"width: 436px; height: 327px;\" \/> <\/a> <\/div> <\/div> <!-- close group --> <div class=\"gallery-group images-2\" style=\"width: 220px; height: 331px;\" data-original-width=\"220\" data-original-height=\"331\" > <div class=\"tiled-gallery-item tiled-gallery-item-small\" itemprop=\"associatedMedia\" itemscope itemtype=\"http:\/\/schema.org\/ImageObject\"> <a class=\"nolightbox\" class=\"nolightbox\" href=\"https:\/\/spirit-of-football.de\/2018\/05\/16\/istanbul-tour-de-bosporus\/20180516_145349\/\" border=\"0\" itemprop=\"url\"> <meta itemprop=\"width\" content=\"216\"> <meta itemprop=\"height\" content=\"162\"> <img decoding=\"async\" class=\"\" data-attachment-id=\"8620\" data-orig-file=\"https:\/\/theball.tv\/2018\/wp-content\/uploads\/sites\/12\/2018\/05\/20180516_145349-scaled.jpg\" data-orig-size=\"2560,1920\" data-comments-opened=\"\" data-image-meta=\"{&quot;aperture&quot;:&quot;1.5&quot;,&quot;credit&quot;:&quot;&quot;,&quot;camera&quot;:&quot;SM-G965F&quot;,&quot;caption&quot;:&quot;&quot;,&quot;created_timestamp&quot;:&quot;1526482429&quot;,&quot;copyright&quot;:&quot;&quot;,&quot;focal_length&quot;:&quot;4.3&quot;,&quot;iso&quot;:&quot;320&quot;,&quot;shutter_speed&quot;:&quot;0.03030303030303&quot;,&quot;title&quot;:&quot;&quot;,&quot;orientation&quot;:&quot;1&quot;}\" data-image-title=\"B\u00fcrgermeister von Sisli\" data-image-description=\"\" data-medium-file=\"https:\/\/theball.tv\/2018\/wp-content\/uploads\/sites\/12\/2018\/05\/20180516_145349-300x225.jpg\" data-large-file=\"https:\/\/theball.tv\/2018\/wp-content\/uploads\/sites\/12\/2018\/05\/20180516_145349-1024x768.jpg\" src=\"https:\/\/theball.tv\/2018\/wp-content\/uploads\/sites\/12\/2018\/05\/20180516_145349-scaled.jpg\" srcset=\"https:\/\/theball.tv\/2018\/wp-content\/uploads\/sites\/12\/2018\/05\/20180516_145349-scaled.jpg 2560w, https:\/\/theball.tv\/2018\/wp-content\/uploads\/sites\/12\/2018\/05\/20180516_145349-1536x1152.jpg 1536w, https:\/\/theball.tv\/2018\/wp-content\/uploads\/sites\/12\/2018\/05\/20180516_145349-2048x1536.jpg 2048w, https:\/\/theball.tv\/2018\/wp-content\/uploads\/sites\/12\/2018\/05\/20180516_145349-16x12.jpg 16w, https:\/\/theball.tv\/2018\/wp-content\/uploads\/sites\/12\/2018\/05\/20180516_145349-960x720.jpg 960w, https:\/\/theball.tv\/2018\/wp-content\/uploads\/sites\/12\/2018\/05\/20180516_145349-427x320.jpg 427w, https:\/\/theball.tv\/2018\/wp-content\/uploads\/sites\/12\/2018\/05\/20180516_145349-640x480.jpg 640w, https:\/\/theball.tv\/2018\/wp-content\/uploads\/sites\/12\/2018\/05\/20180516_145349-618x464.jpg 618w, https:\/\/theball.tv\/2018\/wp-content\/uploads\/sites\/12\/2018\/05\/20180516_145349-240x180.jpg 240w, https:\/\/theball.tv\/2018\/wp-content\/uploads\/sites\/12\/2018\/05\/20180516_145349-980x735.jpg 980w, https:\/\/theball.tv\/2018\/wp-content\/uploads\/sites\/12\/2018\/05\/20180516_145349-300x225.jpg 300w, https:\/\/theball.tv\/2018\/wp-content\/uploads\/sites\/12\/2018\/05\/20180516_145349-768x576.jpg 768w, https:\/\/theball.tv\/2018\/wp-content\/uploads\/sites\/12\/2018\/05\/20180516_145349-1024x768.jpg 1024w, https:\/\/theball.tv\/2018\/wp-content\/uploads\/sites\/12\/2018\/05\/20180516_145349-400x300.jpg 400w\" width=\"216\" height=\"162\" loading=\"lazy\" data-original-width=\"216\" data-original-height=\"162\" itemprop=\"http:\/\/schema.org\/image\" title=\"B\u00fcrgermeister von Sisli\" alt=\"B\u00fcrgermeister von Sisli\" style=\"width: 216px; height: 162px;\" \/> <\/a> <\/div> <div class=\"tiled-gallery-item tiled-gallery-item-small\" itemprop=\"associatedMedia\" itemscope itemtype=\"http:\/\/schema.org\/ImageObject\"> <a class=\"nolightbox\" class=\"nolightbox\" href=\"https:\/\/spirit-of-football.de\/2018\/05\/16\/istanbul-tour-de-bosporus\/20180516_173830\/\" border=\"0\" itemprop=\"url\"> <meta itemprop=\"width\" content=\"216\"> <meta itemprop=\"height\" content=\"161\"> <img decoding=\"async\" class=\"\" data-attachment-id=\"8621\" data-orig-file=\"https:\/\/theball.tv\/2018\/wp-content\/uploads\/sites\/12\/2018\/05\/20180516_173830-scaled.jpg\" data-orig-size=\"2560,1920\" data-comments-opened=\"\" data-image-meta=\"{&quot;aperture&quot;:&quot;2.4&quot;,&quot;credit&quot;:&quot;&quot;,&quot;camera&quot;:&quot;SM-G965F&quot;,&quot;caption&quot;:&quot;&quot;,&quot;created_timestamp&quot;:&quot;1526492310&quot;,&quot;copyright&quot;:&quot;&quot;,&quot;focal_length&quot;:&quot;4.3&quot;,&quot;iso&quot;:&quot;50&quot;,&quot;shutter_speed&quot;:&quot;0.0024509803921569&quot;,&quot;title&quot;:&quot;&quot;,&quot;orientation&quot;:&quot;1&quot;}\" data-image-title=\"Tha Ball @ Besiktas Stadium\" data-image-description=\"\" data-medium-file=\"https:\/\/theball.tv\/2018\/wp-content\/uploads\/sites\/12\/2018\/05\/20180516_173830-300x225.jpg\" data-large-file=\"https:\/\/theball.tv\/2018\/wp-content\/uploads\/sites\/12\/2018\/05\/20180516_173830-1024x768.jpg\" src=\"https:\/\/theball.tv\/2018\/wp-content\/uploads\/sites\/12\/2018\/05\/20180516_173830-scaled.jpg\" srcset=\"https:\/\/theball.tv\/2018\/wp-content\/uploads\/sites\/12\/2018\/05\/20180516_173830-scaled.jpg 2560w, https:\/\/theball.tv\/2018\/wp-content\/uploads\/sites\/12\/2018\/05\/20180516_173830-1536x1152.jpg 1536w, https:\/\/theball.tv\/2018\/wp-content\/uploads\/sites\/12\/2018\/05\/20180516_173830-2048x1536.jpg 2048w, https:\/\/theball.tv\/2018\/wp-content\/uploads\/sites\/12\/2018\/05\/20180516_173830-16x12.jpg 16w, https:\/\/theball.tv\/2018\/wp-content\/uploads\/sites\/12\/2018\/05\/20180516_173830-960x720.jpg 960w, https:\/\/theball.tv\/2018\/wp-content\/uploads\/sites\/12\/2018\/05\/20180516_173830-427x320.jpg 427w, https:\/\/theball.tv\/2018\/wp-content\/uploads\/sites\/12\/2018\/05\/20180516_173830-640x480.jpg 640w, https:\/\/theball.tv\/2018\/wp-content\/uploads\/sites\/12\/2018\/05\/20180516_173830-618x464.jpg 618w, https:\/\/theball.tv\/2018\/wp-content\/uploads\/sites\/12\/2018\/05\/20180516_173830-240x180.jpg 240w, https:\/\/theball.tv\/2018\/wp-content\/uploads\/sites\/12\/2018\/05\/20180516_173830-980x735.jpg 980w, https:\/\/theball.tv\/2018\/wp-content\/uploads\/sites\/12\/2018\/05\/20180516_173830-300x225.jpg 300w, https:\/\/theball.tv\/2018\/wp-content\/uploads\/sites\/12\/2018\/05\/20180516_173830-768x576.jpg 768w, https:\/\/theball.tv\/2018\/wp-content\/uploads\/sites\/12\/2018\/05\/20180516_173830-1024x768.jpg 1024w, https:\/\/theball.tv\/2018\/wp-content\/uploads\/sites\/12\/2018\/05\/20180516_173830-400x300.jpg 400w\" width=\"216\" height=\"161\" loading=\"lazy\" data-original-width=\"216\" data-original-height=\"161\" itemprop=\"http:\/\/schema.org\/image\" title=\"Tha Ball @ Besiktas Stadium\" alt=\"Tha Ball @ Besiktas Stadium\" style=\"width: 216px; height: 161px;\" \/> <\/a> <\/div> <\/div> <!-- close group --> <\/div> <!-- close row --> <div class=\"gallery-row\" style=\"width: 660px; height: 373px;\" data-original-width=\"660\" data-original-height=\"373\" > <div class=\"gallery-group images-1\" style=\"width: 660px; height: 373px;\" data-original-width=\"660\" data-original-height=\"373\" > <div class=\"tiled-gallery-item tiled-gallery-item-large\" itemprop=\"associatedMedia\" itemscope itemtype=\"http:\/\/schema.org\/ImageObject\"> <a class=\"nolightbox\" class=\"nolightbox\" href=\"https:\/\/spirit-of-football.de\/2018\/05\/16\/istanbul-tour-de-bosporus\/20180516_183534\/\" border=\"0\" itemprop=\"url\"> <meta itemprop=\"width\" content=\"656\"> <meta itemprop=\"height\" content=\"369\"> <img decoding=\"async\" class=\"\" data-attachment-id=\"8622\" data-orig-file=\"https:\/\/theball.tv\/2018\/wp-content\/uploads\/sites\/12\/2018\/05\/20180516_183534-scaled.jpg\" data-orig-size=\"2560,1440\" data-comments-opened=\"\" data-image-meta=\"{&quot;aperture&quot;:&quot;2.4&quot;,&quot;credit&quot;:&quot;&quot;,&quot;camera&quot;:&quot;SM-G965F&quot;,&quot;caption&quot;:&quot;&quot;,&quot;created_timestamp&quot;:&quot;1526495733&quot;,&quot;copyright&quot;:&quot;&quot;,&quot;focal_length&quot;:&quot;4.3&quot;,&quot;iso&quot;:&quot;50&quot;,&quot;shutter_speed&quot;:&quot;0.0021186440677966&quot;,&quot;title&quot;:&quot;&quot;,&quot;orientation&quot;:&quot;1&quot;}\" data-image-title=\"Imam vor der Blauen Moschee\" data-image-description=\"\" data-medium-file=\"https:\/\/theball.tv\/2018\/wp-content\/uploads\/sites\/12\/2018\/05\/20180516_183534-300x169.jpg\" data-large-file=\"https:\/\/theball.tv\/2018\/wp-content\/uploads\/sites\/12\/2018\/05\/20180516_183534-1024x576.jpg\" src=\"https:\/\/theball.tv\/2018\/wp-content\/uploads\/sites\/12\/2018\/05\/20180516_183534-scaled.jpg\" srcset=\"https:\/\/theball.tv\/2018\/wp-content\/uploads\/sites\/12\/2018\/05\/20180516_183534-scaled.jpg 2560w, https:\/\/theball.tv\/2018\/wp-content\/uploads\/sites\/12\/2018\/05\/20180516_183534-1536x864.jpg 1536w, https:\/\/theball.tv\/2018\/wp-content\/uploads\/sites\/12\/2018\/05\/20180516_183534-2048x1152.jpg 2048w, https:\/\/theball.tv\/2018\/wp-content\/uploads\/sites\/12\/2018\/05\/20180516_183534-18x10.jpg 18w, https:\/\/theball.tv\/2018\/wp-content\/uploads\/sites\/12\/2018\/05\/20180516_183534-1280x720.jpg 1280w, https:\/\/theball.tv\/2018\/wp-content\/uploads\/sites\/12\/2018\/05\/20180516_183534-553x311.jpg 553w, https:\/\/theball.tv\/2018\/wp-content\/uploads\/sites\/12\/2018\/05\/20180516_183534-640x360.jpg 640w, https:\/\/theball.tv\/2018\/wp-content\/uploads\/sites\/12\/2018\/05\/20180516_183534-618x348.jpg 618w, https:\/\/theball.tv\/2018\/wp-content\/uploads\/sites\/12\/2018\/05\/20180516_183534-240x135.jpg 240w, https:\/\/theball.tv\/2018\/wp-content\/uploads\/sites\/12\/2018\/05\/20180516_183534-980x551.jpg 980w, https:\/\/theball.tv\/2018\/wp-content\/uploads\/sites\/12\/2018\/05\/20180516_183534-300x169.jpg 300w, https:\/\/theball.tv\/2018\/wp-content\/uploads\/sites\/12\/2018\/05\/20180516_183534-768x432.jpg 768w, https:\/\/theball.tv\/2018\/wp-content\/uploads\/sites\/12\/2018\/05\/20180516_183534-1024x576.jpg 1024w, https:\/\/theball.tv\/2018\/wp-content\/uploads\/sites\/12\/2018\/05\/20180516_183534-500x281.jpg 500w\" width=\"656\" height=\"369\" loading=\"lazy\" data-original-width=\"656\" data-original-height=\"369\" itemprop=\"http:\/\/schema.org\/image\" title=\"Imam vor der Blauen Moschee\" alt=\"Imam vor der Blauen Moschee\" style=\"width: 656px; height: 369px;\" \/> <\/a> <\/div> <\/div> <!-- close group --> <\/div> <!-- close row --> <\/div>\n","protected":false},"excerpt":{"rendered":"<p>Wednesday, 16th May 2018 Today the Spirit team went on a grand tour of Istanbul. Together with Felix Schmidt and his colleagues of the Friedrich-Ebert-Foundation we visited Mevl\u00fct Uysal, the Lord Mayor of Istanbul. We were invited like royalty into the Town Hall, together with the German Consul General, Georg Birgelen. After receiving the Lord [&hellip;]<\/p>\n","protected":false},"author":203,"featured_media":734,"comment_status":"open","ping_status":"open","sticky":false,"template":"","format":"standard","meta":{"footnotes":""},"categories":[25],"tags":[],"coauthors":[26,8],"class_list":["post-663","post","type-post","status-publish","format-standard","has-post-thumbnail","hentry","category-turkey"],"geo":{"latitude":41.0082359000000025162080419249832630157470703125,"longitude":28.9783591999999998733983375132083892822265625,"description":"Istanbul, T\u00fcrkei"},"jetpack_featured_media_url":"https:\/\/theball.tv\/2018\/wp-content\/uploads\/sites\/13\/2018\/05\/teaser-istanbul-02.jpg","_links":{"self":[{"href":"https:\/\/theball.tv\/2018\/wp-json\/wp\/v2\/posts\/663","targetHints":{"allow":["GET"]}}],"collection":[{"href":"https:\/\/theball.tv\/2018\/wp-json\/wp\/v2\/posts"}],"about":[{"href":"https:\/\/theball.tv\/2018\/wp-json\/wp\/v2\/types\/post"}],"author":[{"embeddable":true,"href":"https:\/\/theball.tv\/2018\/wp-json\/wp\/v2\/users\/203"}],"replies":[{"embeddable":true,"href":"https:\/\/theball.tv\/2018\/wp-json\/wp\/v2\/comments?post=663"}],"version-history":[{"count":3,"href":"https:\/\/theball.tv\/2018\/wp-json\/wp\/v2\/posts\/663\/revisions"}],"predecessor-version":[{"id":664,"href":"https:\/\/theball.tv\/2018\/wp-json\/wp\/v2\/posts\/663\/revisions\/664"}],"wp:featuredmedia":[{"embeddable":true,"href":"https:\/\/theball.tv\/2018\/wp-json\/wp\/v2\/media\/734"}],"wp:attachment":[{"href":"https:\/\/theball.tv\/2018\/wp-json\/wp\/v2\/media?parent=663"}],"wp:term":[{"taxonomy":"category","embeddable":true,"href":"https:\/\/theball.tv\/2018\/wp-json\/wp\/v2\/categories?post=663"},{"taxonomy":"post_tag","embeddable":true,"href":"https:\/\/theball.tv\/2018\/wp-json\/wp\/v2\/tags?post=663"},{"taxonomy":"author","embeddable":true,"href":"https:\/\/theball.tv\/2018\/wp-json\/wp\/v2\/coauthors?post=663"}],"curies":[{"name":"wp","href":"https:\/\/api.w.org\/{rel}","templated":true}]}}