{"id":263,"date":"2018-03-26T11:15:32","date_gmt":"2018-03-26T10:15:32","guid":{"rendered":"https:\/\/theball.tv\/2018\/?p=263"},"modified":"2018-04-25T10:45:13","modified_gmt":"2018-04-25T09:45:13","slug":"london-start-of-the-fifth-ball-journey","status":"publish","type":"post","link":"https:\/\/theball.tv\/2018\/2018\/03\/26\/london-start-of-the-fifth-ball-journey\/","title":{"rendered":"LONDON &#8211; Start of the Fifth Ball Journey"},"content":{"rendered":"<div class=\"sof_mirror\"><a href=\"https:\/\/spirit-of-football.de\/2018\/03\/26\/fuenfte-ballreise-zur-wm-nach-russland-am-sonntag-im-londoner-battersea-park-gestartet\/\" class=\"button sof_german_post\">Read this post in German<\/a><\/div><p>Four years after the last Ball Journey, the moment for the Kick-off 2018 had come on March 25th! Spirit of Football has started its fifth journey, which will take The Ball through 15 countries to the World Cup in Russia. The official opening began with a fair-play football game, during which children and adults from London and Erfurt experienced the \u201cSpirit of the Beautiful Game\u201d themselves. As in every such game, the six fair play-rules were adhered to and creative team names, including team choreographies, were invented \u2013 a fun activity, which was enhanced by fake moustaches and verbose accompanying commentaries by The Terrible Sven. <\/p>\n<p>Much applause was received by the Choir of the Sacred Heart &amp; St Mary\u2019s RC primary schools, which followed an English tradition, where the church hymn &#8220;Abide with me&#8221; is sung before every important game. After this historical tuning-into things, official speeches were held. The representatives of Spirit of Football in Brazil, the UK and Germany presented the four balls from past journeys. The main ball carrier for 2018, Benni Gr\u00fcnewald, held the fifth, &#8220;The Ball 2018&#8221;. After Frank Albers (representative of the Robert Bosch Foundation) und Nicole Zeuner (Friedrich Ebert Foundation) had emphasised the socio-political importance of the Journey of the Ball through the EU and neighbouring countries in their speeches the players started the first official game with &#8220;The Ball 2018&#8221;.<\/p>\n<p>In 2010 The Ball was kicked off by Andrew Aris, in 2014 this was the privilege of Fernando Godoy. This year it was Sven S\u00f6derberg, who propelled The Ball 2018 on its way with a forceful instep kick. Infused with this energy, &#8220;Football\u2019s Olympic Torch&#8221; will meet many people of different backgrounds within the next months and allow them to experience the connective power of the sport. Overcoming limits; setting up room for encounters; celebrating diversity \u2013 this is the magic which &#8220;The Ball&#8221; creates wherever it goes. <\/p>\n<p>The first game, played according to the Football Association rules of 1864, ended 3:4. It was not easy for the participants to stick to the unfamiliar rules of dribbling forwards and passing backwards, doing without a crossbar on the goal, the first player touching the ball throwing it in at right angles with the boundary line, changing sides after every goal. Nevertheless, all players were happy after this first game and all the smiling faces (moustaches included) made The Ball very excited about the first of several thousand signatures.<\/p>\n<h2>Kick-Off impressions<\/h2>\n<div class=\"tiled-gallery type-rectangular tiled-gallery-unresized\" data-original-width=\"660\" data-carousel-extra='{&quot;blog_id&quot;:12,&quot;permalink&quot;:false,&quot;likes_blog_id&quot;:false}' itemscope itemtype=\"http:\/\/schema.org\/ImageGallery\" > <div class=\"gallery-row\" style=\"width: 660px; height: 318px;\" data-original-width=\"660\" data-original-height=\"318\" > <div class=\"gallery-group images-2\" style=\"width: 211px; height: 318px;\" data-original-width=\"211\" data-original-height=\"318\" > <div class=\"tiled-gallery-item tiled-gallery-item-small\" itemprop=\"associatedMedia\" itemscope itemtype=\"http:\/\/schema.org\/ImageObject\"> <a class=\"nolightbox\" class=\"nolightbox\" href=\"https:\/\/spirit-of-football.de\/2018\/03\/26\/fuenfte-ballreise-zur-wm-nach-russland-am-sonntag-im-londoner-battersea-park-gestartet\/2018-03-25-kick-off-batterea-park-01\/\" border=\"0\" itemprop=\"url\"> <meta itemprop=\"width\" content=\"207\"> <meta itemprop=\"height\" content=\"155\"> <img decoding=\"async\" class=\"\" data-attachment-id=\"7321\" data-orig-file=\"https:\/\/theball.tv\/2018\/wp-content\/uploads\/sites\/12\/2018\/03\/2018-03-25-kick-off-batterea-park-01.jpg\" data-orig-size=\"1600,1200\" data-comments-opened=\"\" data-image-meta=\"{&quot;aperture&quot;:&quot;2.4&quot;,&quot;credit&quot;:&quot;&quot;,&quot;camera&quot;:&quot;SM-G965F&quot;,&quot;caption&quot;:&quot;&quot;,&quot;created_timestamp&quot;:&quot;1521971259&quot;,&quot;copyright&quot;:&quot;&quot;,&quot;focal_length&quot;:&quot;6&quot;,&quot;iso&quot;:&quot;25&quot;,&quot;shutter_speed&quot;:&quot;0.0065359477124183&quot;,&quot;title&quot;:&quot;&quot;,&quot;orientation&quot;:&quot;1&quot;}\" data-image-title=\"2018 03 25 kick off batterea park-01\" data-image-description=\"\" data-medium-file=\"https:\/\/theball.tv\/2018\/wp-content\/uploads\/sites\/12\/2018\/03\/2018-03-25-kick-off-batterea-park-01-300x225.jpg\" data-large-file=\"https:\/\/theball.tv\/2018\/wp-content\/uploads\/sites\/12\/2018\/03\/2018-03-25-kick-off-batterea-park-01-1024x768.jpg\" src=\"https:\/\/theball.tv\/2018\/wp-content\/uploads\/sites\/12\/2018\/03\/2018-03-25-kick-off-batterea-park-01.jpg\" srcset=\"https:\/\/theball.tv\/2018\/wp-content\/uploads\/sites\/12\/2018\/03\/2018-03-25-kick-off-batterea-park-01.jpg 1600w, https:\/\/theball.tv\/2018\/wp-content\/uploads\/sites\/12\/2018\/03\/2018-03-25-kick-off-batterea-park-01-1536x1152.jpg 1536w, https:\/\/theball.tv\/2018\/wp-content\/uploads\/sites\/12\/2018\/03\/2018-03-25-kick-off-batterea-park-01-16x12.jpg 16w, https:\/\/theball.tv\/2018\/wp-content\/uploads\/sites\/12\/2018\/03\/2018-03-25-kick-off-batterea-park-01-960x720.jpg 960w, https:\/\/theball.tv\/2018\/wp-content\/uploads\/sites\/12\/2018\/03\/2018-03-25-kick-off-batterea-park-01-427x320.jpg 427w, https:\/\/theball.tv\/2018\/wp-content\/uploads\/sites\/12\/2018\/03\/2018-03-25-kick-off-batterea-park-01-640x480.jpg 640w, https:\/\/theball.tv\/2018\/wp-content\/uploads\/sites\/12\/2018\/03\/2018-03-25-kick-off-batterea-park-01-618x464.jpg 618w, https:\/\/theball.tv\/2018\/wp-content\/uploads\/sites\/12\/2018\/03\/2018-03-25-kick-off-batterea-park-01-240x180.jpg 240w, https:\/\/theball.tv\/2018\/wp-content\/uploads\/sites\/12\/2018\/03\/2018-03-25-kick-off-batterea-park-01-980x735.jpg 980w, https:\/\/theball.tv\/2018\/wp-content\/uploads\/sites\/12\/2018\/03\/2018-03-25-kick-off-batterea-park-01-300x225.jpg 300w, https:\/\/theball.tv\/2018\/wp-content\/uploads\/sites\/12\/2018\/03\/2018-03-25-kick-off-batterea-park-01-768x576.jpg 768w, https:\/\/theball.tv\/2018\/wp-content\/uploads\/sites\/12\/2018\/03\/2018-03-25-kick-off-batterea-park-01-1024x768.jpg 1024w, https:\/\/theball.tv\/2018\/wp-content\/uploads\/sites\/12\/2018\/03\/2018-03-25-kick-off-batterea-park-01-400x300.jpg 400w\" width=\"207\" height=\"155\" loading=\"lazy\" data-original-width=\"207\" data-original-height=\"155\" itemprop=\"http:\/\/schema.org\/image\" title=\"2018 03 25 kick off batterea park-01\" alt=\"Informationen \u00fcber die vergangenen Ballreisen werden aufgehangen\" style=\"width: 207px; height: 155px;\" \/> <\/a> <div class=\"tiled-gallery-caption\" itemprop=\"caption description\"> Informationen \u00fcber die vergangenen Ballreisen werden aufgehangen <\/div> <\/div> <div class=\"tiled-gallery-item tiled-gallery-item-small\" itemprop=\"associatedMedia\" itemscope itemtype=\"http:\/\/schema.org\/ImageObject\"> <a class=\"nolightbox\" class=\"nolightbox\" href=\"https:\/\/spirit-of-football.de\/2018\/03\/26\/fuenfte-ballreise-zur-wm-nach-russland-am-sonntag-im-londoner-battersea-park-gestartet\/2018-03-25-kick-off-batterea-park-02\/\" border=\"0\" itemprop=\"url\"> <meta itemprop=\"width\" content=\"207\"> <meta itemprop=\"height\" content=\"155\"> <img decoding=\"async\" class=\"\" data-attachment-id=\"7322\" data-orig-file=\"https:\/\/theball.tv\/2018\/wp-content\/uploads\/sites\/12\/2018\/03\/2018-03-25-kick-off-batterea-park-02.jpg\" data-orig-size=\"1600,1200\" data-comments-opened=\"\" data-image-meta=\"{&quot;aperture&quot;:&quot;2.4&quot;,&quot;credit&quot;:&quot;&quot;,&quot;camera&quot;:&quot;SM-G965F&quot;,&quot;caption&quot;:&quot;&quot;,&quot;created_timestamp&quot;:&quot;1521971275&quot;,&quot;copyright&quot;:&quot;&quot;,&quot;focal_length&quot;:&quot;6&quot;,&quot;iso&quot;:&quot;50&quot;,&quot;shutter_speed&quot;:&quot;0.01&quot;,&quot;title&quot;:&quot;&quot;,&quot;orientation&quot;:&quot;1&quot;}\" data-image-title=\"2018 03 25 kick off batterea park-02\" data-image-description=\"\" data-medium-file=\"https:\/\/theball.tv\/2018\/wp-content\/uploads\/sites\/12\/2018\/03\/2018-03-25-kick-off-batterea-park-02-300x225.jpg\" data-large-file=\"https:\/\/theball.tv\/2018\/wp-content\/uploads\/sites\/12\/2018\/03\/2018-03-25-kick-off-batterea-park-02-1024x768.jpg\" src=\"https:\/\/theball.tv\/2018\/wp-content\/uploads\/sites\/12\/2018\/03\/2018-03-25-kick-off-batterea-park-02.jpg\" srcset=\"https:\/\/theball.tv\/2018\/wp-content\/uploads\/sites\/12\/2018\/03\/2018-03-25-kick-off-batterea-park-02.jpg 1600w, https:\/\/theball.tv\/2018\/wp-content\/uploads\/sites\/12\/2018\/03\/2018-03-25-kick-off-batterea-park-02-1536x1152.jpg 1536w, https:\/\/theball.tv\/2018\/wp-content\/uploads\/sites\/12\/2018\/03\/2018-03-25-kick-off-batterea-park-02-16x12.jpg 16w, https:\/\/theball.tv\/2018\/wp-content\/uploads\/sites\/12\/2018\/03\/2018-03-25-kick-off-batterea-park-02-960x720.jpg 960w, https:\/\/theball.tv\/2018\/wp-content\/uploads\/sites\/12\/2018\/03\/2018-03-25-kick-off-batterea-park-02-427x320.jpg 427w, https:\/\/theball.tv\/2018\/wp-content\/uploads\/sites\/12\/2018\/03\/2018-03-25-kick-off-batterea-park-02-640x480.jpg 640w, https:\/\/theball.tv\/2018\/wp-content\/uploads\/sites\/12\/2018\/03\/2018-03-25-kick-off-batterea-park-02-618x464.jpg 618w, https:\/\/theball.tv\/2018\/wp-content\/uploads\/sites\/12\/2018\/03\/2018-03-25-kick-off-batterea-park-02-240x180.jpg 240w, https:\/\/theball.tv\/2018\/wp-content\/uploads\/sites\/12\/2018\/03\/2018-03-25-kick-off-batterea-park-02-980x735.jpg 980w, https:\/\/theball.tv\/2018\/wp-content\/uploads\/sites\/12\/2018\/03\/2018-03-25-kick-off-batterea-park-02-300x225.jpg 300w, https:\/\/theball.tv\/2018\/wp-content\/uploads\/sites\/12\/2018\/03\/2018-03-25-kick-off-batterea-park-02-768x576.jpg 768w, https:\/\/theball.tv\/2018\/wp-content\/uploads\/sites\/12\/2018\/03\/2018-03-25-kick-off-batterea-park-02-1024x768.jpg 1024w, https:\/\/theball.tv\/2018\/wp-content\/uploads\/sites\/12\/2018\/03\/2018-03-25-kick-off-batterea-park-02-400x300.jpg 400w\" width=\"207\" height=\"155\" loading=\"lazy\" data-original-width=\"207\" data-original-height=\"155\" itemprop=\"http:\/\/schema.org\/image\" title=\"2018 03 25 kick off batterea park-02\" alt=\"Die G\u00e4ste sind gespannt auf das erste FairPlay-Match\" style=\"width: 207px; height: 155px;\" \/> <\/a> <div class=\"tiled-gallery-caption\" itemprop=\"caption description\"> Die G\u00e4ste sind gespannt auf das erste FairPlay-Match <\/div> <\/div> <\/div> <!-- close group --> <div class=\"gallery-group images-1\" style=\"width: 239px; height: 318px;\" data-original-width=\"239\" data-original-height=\"318\" > <div class=\"tiled-gallery-item tiled-gallery-item-small\" itemprop=\"associatedMedia\" itemscope itemtype=\"http:\/\/schema.org\/ImageObject\"> <a class=\"nolightbox\" class=\"nolightbox\" href=\"https:\/\/spirit-of-football.de\/2018\/03\/26\/fuenfte-ballreise-zur-wm-nach-russland-am-sonntag-im-londoner-battersea-park-gestartet\/2018-03-25-kick-off-batterea-park-03\/\" border=\"0\" itemprop=\"url\"> <meta itemprop=\"width\" content=\"235\"> <meta itemprop=\"height\" content=\"314\"> <img decoding=\"async\" class=\"\" data-attachment-id=\"7323\" data-orig-file=\"https:\/\/theball.tv\/2018\/wp-content\/uploads\/sites\/12\/2018\/03\/2018-03-25-kick-off-batterea-park-03.jpg\" data-orig-size=\"1200,1600\" data-comments-opened=\"\" data-image-meta=\"{&quot;aperture&quot;:&quot;2.4&quot;,&quot;credit&quot;:&quot;&quot;,&quot;camera&quot;:&quot;SM-G965F&quot;,&quot;caption&quot;:&quot;&quot;,&quot;created_timestamp&quot;:&quot;1521972999&quot;,&quot;copyright&quot;:&quot;&quot;,&quot;focal_length&quot;:&quot;4.3&quot;,&quot;iso&quot;:&quot;80&quot;,&quot;shutter_speed&quot;:&quot;0.01&quot;,&quot;title&quot;:&quot;&quot;,&quot;orientation&quot;:&quot;1&quot;}\" data-image-title=\"2018 03 25 kick off batterea park-03\" data-image-description=\"\" data-medium-file=\"https:\/\/theball.tv\/2018\/wp-content\/uploads\/sites\/12\/2018\/03\/2018-03-25-kick-off-batterea-park-03-225x300.jpg\" data-large-file=\"https:\/\/theball.tv\/2018\/wp-content\/uploads\/sites\/12\/2018\/03\/2018-03-25-kick-off-batterea-park-03-768x1024.jpg\" src=\"https:\/\/theball.tv\/2018\/wp-content\/uploads\/sites\/12\/2018\/03\/2018-03-25-kick-off-batterea-park-03.jpg\" srcset=\"https:\/\/theball.tv\/2018\/wp-content\/uploads\/sites\/12\/2018\/03\/2018-03-25-kick-off-batterea-park-03.jpg 1200w, https:\/\/theball.tv\/2018\/wp-content\/uploads\/sites\/12\/2018\/03\/2018-03-25-kick-off-batterea-park-03-1152x1536.jpg 1152w, https:\/\/theball.tv\/2018\/wp-content\/uploads\/sites\/12\/2018\/03\/2018-03-25-kick-off-batterea-park-03-9x12.jpg 9w, https:\/\/theball.tv\/2018\/wp-content\/uploads\/sites\/12\/2018\/03\/2018-03-25-kick-off-batterea-park-03-540x720.jpg 540w, https:\/\/theball.tv\/2018\/wp-content\/uploads\/sites\/12\/2018\/03\/2018-03-25-kick-off-batterea-park-03-240x320.jpg 240w, https:\/\/theball.tv\/2018\/wp-content\/uploads\/sites\/12\/2018\/03\/2018-03-25-kick-off-batterea-park-03-480x640.jpg 480w, https:\/\/theball.tv\/2018\/wp-content\/uploads\/sites\/12\/2018\/03\/2018-03-25-kick-off-batterea-park-03-464x618.jpg 464w, https:\/\/theball.tv\/2018\/wp-content\/uploads\/sites\/12\/2018\/03\/2018-03-25-kick-off-batterea-park-03-180x240.jpg 180w, https:\/\/theball.tv\/2018\/wp-content\/uploads\/sites\/12\/2018\/03\/2018-03-25-kick-off-batterea-park-03-735x980.jpg 735w, https:\/\/theball.tv\/2018\/wp-content\/uploads\/sites\/12\/2018\/03\/2018-03-25-kick-off-batterea-park-03-225x300.jpg 225w, https:\/\/theball.tv\/2018\/wp-content\/uploads\/sites\/12\/2018\/03\/2018-03-25-kick-off-batterea-park-03-768x1024.jpg 768w\" width=\"235\" height=\"314\" loading=\"lazy\" data-original-width=\"235\" data-original-height=\"314\" itemprop=\"http:\/\/schema.org\/image\" title=\"2018 03 25 kick off batterea park-03\" alt=\"FairPlay-Coach Basti-Fantasti hat sich in Schale geworfen\" style=\"width: 235px; height: 314px;\" \/> <\/a> <div class=\"tiled-gallery-caption\" itemprop=\"caption description\"> FairPlay-Coach Basti-Fantasti hat sich in Schale geworfen <\/div> <\/div> <\/div> <!-- close group --> <div class=\"gallery-group images-2\" style=\"width: 210px; height: 318px;\" data-original-width=\"210\" data-original-height=\"318\" > <div class=\"tiled-gallery-item tiled-gallery-item-small\" itemprop=\"associatedMedia\" itemscope itemtype=\"http:\/\/schema.org\/ImageObject\"> <a class=\"nolightbox\" class=\"nolightbox\" href=\"https:\/\/spirit-of-football.de\/2018\/03\/26\/fuenfte-ballreise-zur-wm-nach-russland-am-sonntag-im-londoner-battersea-park-gestartet\/2018-03-25-kick-off-batterea-park-05\/\" border=\"0\" itemprop=\"url\"> <meta itemprop=\"width\" content=\"206\"> <meta itemprop=\"height\" content=\"155\"> <img decoding=\"async\" class=\"\" data-attachment-id=\"7325\" data-orig-file=\"https:\/\/theball.tv\/2018\/wp-content\/uploads\/sites\/12\/2018\/03\/2018-03-25-kick-off-batterea-park-05.jpg\" data-orig-size=\"1600,1200\" data-comments-opened=\"\" data-image-meta=\"{&quot;aperture&quot;:&quot;2.4&quot;,&quot;credit&quot;:&quot;&quot;,&quot;camera&quot;:&quot;SM-G965F&quot;,&quot;caption&quot;:&quot;&quot;,&quot;created_timestamp&quot;:&quot;1521974387&quot;,&quot;copyright&quot;:&quot;&quot;,&quot;focal_length&quot;:&quot;4.3&quot;,&quot;iso&quot;:&quot;50&quot;,&quot;shutter_speed&quot;:&quot;0.0031545741324921&quot;,&quot;title&quot;:&quot;&quot;,&quot;orientation&quot;:&quot;1&quot;}\" data-image-title=\"2018 03 25 kick off batterea park-05\" data-image-description=\"\" data-medium-file=\"https:\/\/theball.tv\/2018\/wp-content\/uploads\/sites\/12\/2018\/03\/2018-03-25-kick-off-batterea-park-05-300x225.jpg\" data-large-file=\"https:\/\/theball.tv\/2018\/wp-content\/uploads\/sites\/12\/2018\/03\/2018-03-25-kick-off-batterea-park-05-1024x768.jpg\" src=\"https:\/\/theball.tv\/2018\/wp-content\/uploads\/sites\/12\/2018\/03\/2018-03-25-kick-off-batterea-park-05.jpg\" srcset=\"https:\/\/theball.tv\/2018\/wp-content\/uploads\/sites\/12\/2018\/03\/2018-03-25-kick-off-batterea-park-05.jpg 1600w, https:\/\/theball.tv\/2018\/wp-content\/uploads\/sites\/12\/2018\/03\/2018-03-25-kick-off-batterea-park-05-1536x1152.jpg 1536w, https:\/\/theball.tv\/2018\/wp-content\/uploads\/sites\/12\/2018\/03\/2018-03-25-kick-off-batterea-park-05-16x12.jpg 16w, https:\/\/theball.tv\/2018\/wp-content\/uploads\/sites\/12\/2018\/03\/2018-03-25-kick-off-batterea-park-05-960x720.jpg 960w, https:\/\/theball.tv\/2018\/wp-content\/uploads\/sites\/12\/2018\/03\/2018-03-25-kick-off-batterea-park-05-427x320.jpg 427w, https:\/\/theball.tv\/2018\/wp-content\/uploads\/sites\/12\/2018\/03\/2018-03-25-kick-off-batterea-park-05-640x480.jpg 640w, https:\/\/theball.tv\/2018\/wp-content\/uploads\/sites\/12\/2018\/03\/2018-03-25-kick-off-batterea-park-05-618x464.jpg 618w, https:\/\/theball.tv\/2018\/wp-content\/uploads\/sites\/12\/2018\/03\/2018-03-25-kick-off-batterea-park-05-240x180.jpg 240w, https:\/\/theball.tv\/2018\/wp-content\/uploads\/sites\/12\/2018\/03\/2018-03-25-kick-off-batterea-park-05-980x735.jpg 980w, https:\/\/theball.tv\/2018\/wp-content\/uploads\/sites\/12\/2018\/03\/2018-03-25-kick-off-batterea-park-05-300x225.jpg 300w, https:\/\/theball.tv\/2018\/wp-content\/uploads\/sites\/12\/2018\/03\/2018-03-25-kick-off-batterea-park-05-768x576.jpg 768w, https:\/\/theball.tv\/2018\/wp-content\/uploads\/sites\/12\/2018\/03\/2018-03-25-kick-off-batterea-park-05-1024x768.jpg 1024w, https:\/\/theball.tv\/2018\/wp-content\/uploads\/sites\/12\/2018\/03\/2018-03-25-kick-off-batterea-park-05-400x300.jpg 400w\" width=\"206\" height=\"155\" loading=\"lazy\" data-original-width=\"206\" data-original-height=\"155\" itemprop=\"http:\/\/schema.org\/image\" title=\"2018 03 25 kick off batterea park-05\" alt=\"Die f\u00fcnf B\u00e4lle treffen sich zu einem smalltalk am Seitenrand\" style=\"width: 206px; height: 155px;\" \/> <\/a> <div class=\"tiled-gallery-caption\" itemprop=\"caption description\"> Die f\u00fcnf B\u00e4lle treffen sich zu einem smalltalk am Seitenrand <\/div> <\/div> <div class=\"tiled-gallery-item tiled-gallery-item-small\" itemprop=\"associatedMedia\" itemscope itemtype=\"http:\/\/schema.org\/ImageObject\"> <a class=\"nolightbox\" class=\"nolightbox\" href=\"https:\/\/spirit-of-football.de\/2018\/03\/26\/fuenfte-ballreise-zur-wm-nach-russland-am-sonntag-im-londoner-battersea-park-gestartet\/2018-03-25-kick-off-batterea-park-04\/\" border=\"0\" itemprop=\"url\"> <meta itemprop=\"width\" content=\"206\"> <meta itemprop=\"height\" content=\"155\"> <img decoding=\"async\" class=\"\" data-attachment-id=\"7324\" data-orig-file=\"https:\/\/theball.tv\/2018\/wp-content\/uploads\/sites\/12\/2018\/03\/2018-03-25-kick-off-batterea-park-04.jpg\" data-orig-size=\"1600,1200\" data-comments-opened=\"\" data-image-meta=\"{&quot;aperture&quot;:&quot;2.4&quot;,&quot;credit&quot;:&quot;&quot;,&quot;camera&quot;:&quot;SM-G965F&quot;,&quot;caption&quot;:&quot;&quot;,&quot;created_timestamp&quot;:&quot;1521973944&quot;,&quot;copyright&quot;:&quot;&quot;,&quot;focal_length&quot;:&quot;4.3&quot;,&quot;iso&quot;:&quot;50&quot;,&quot;shutter_speed&quot;:&quot;0.003003003003003&quot;,&quot;title&quot;:&quot;&quot;,&quot;orientation&quot;:&quot;1&quot;}\" data-image-title=\"2018 03 25 kick off batterea park-04\" data-image-description=\"\" data-medium-file=\"https:\/\/theball.tv\/2018\/wp-content\/uploads\/sites\/12\/2018\/03\/2018-03-25-kick-off-batterea-park-04-300x225.jpg\" data-large-file=\"https:\/\/theball.tv\/2018\/wp-content\/uploads\/sites\/12\/2018\/03\/2018-03-25-kick-off-batterea-park-04-1024x768.jpg\" src=\"https:\/\/theball.tv\/2018\/wp-content\/uploads\/sites\/12\/2018\/03\/2018-03-25-kick-off-batterea-park-04.jpg\" srcset=\"https:\/\/theball.tv\/2018\/wp-content\/uploads\/sites\/12\/2018\/03\/2018-03-25-kick-off-batterea-park-04.jpg 1600w, https:\/\/theball.tv\/2018\/wp-content\/uploads\/sites\/12\/2018\/03\/2018-03-25-kick-off-batterea-park-04-1536x1152.jpg 1536w, https:\/\/theball.tv\/2018\/wp-content\/uploads\/sites\/12\/2018\/03\/2018-03-25-kick-off-batterea-park-04-16x12.jpg 16w, https:\/\/theball.tv\/2018\/wp-content\/uploads\/sites\/12\/2018\/03\/2018-03-25-kick-off-batterea-park-04-960x720.jpg 960w, https:\/\/theball.tv\/2018\/wp-content\/uploads\/sites\/12\/2018\/03\/2018-03-25-kick-off-batterea-park-04-427x320.jpg 427w, https:\/\/theball.tv\/2018\/wp-content\/uploads\/sites\/12\/2018\/03\/2018-03-25-kick-off-batterea-park-04-640x480.jpg 640w, https:\/\/theball.tv\/2018\/wp-content\/uploads\/sites\/12\/2018\/03\/2018-03-25-kick-off-batterea-park-04-618x464.jpg 618w, https:\/\/theball.tv\/2018\/wp-content\/uploads\/sites\/12\/2018\/03\/2018-03-25-kick-off-batterea-park-04-240x180.jpg 240w, https:\/\/theball.tv\/2018\/wp-content\/uploads\/sites\/12\/2018\/03\/2018-03-25-kick-off-batterea-park-04-980x735.jpg 980w, https:\/\/theball.tv\/2018\/wp-content\/uploads\/sites\/12\/2018\/03\/2018-03-25-kick-off-batterea-park-04-300x225.jpg 300w, https:\/\/theball.tv\/2018\/wp-content\/uploads\/sites\/12\/2018\/03\/2018-03-25-kick-off-batterea-park-04-768x576.jpg 768w, https:\/\/theball.tv\/2018\/wp-content\/uploads\/sites\/12\/2018\/03\/2018-03-25-kick-off-batterea-park-04-1024x768.jpg 1024w, https:\/\/theball.tv\/2018\/wp-content\/uploads\/sites\/12\/2018\/03\/2018-03-25-kick-off-batterea-park-04-400x300.jpg 400w\" width=\"206\" height=\"155\" loading=\"lazy\" data-original-width=\"206\" data-original-height=\"155\" itemprop=\"http:\/\/schema.org\/image\" title=\"2018 03 25 kick off batterea park-04\" alt=\"Auch in London werden vor jedem Spiel die FairPlay-Regeln erkl\u00e4rt\" style=\"width: 206px; height: 155px;\" \/> <\/a> <div class=\"tiled-gallery-caption\" itemprop=\"caption description\"> Auch in London werden vor jedem Spiel die FairPlay-Regeln erkl\u00e4rt <\/div> <\/div> <\/div> <!-- close group --> <\/div> <!-- close row --> <div class=\"gallery-row\" style=\"width: 660px; height: 331px;\" data-original-width=\"660\" data-original-height=\"331\" > <div class=\"gallery-group images-1\" style=\"width: 440px; height: 331px;\" data-original-width=\"440\" data-original-height=\"331\" > <div class=\"tiled-gallery-item tiled-gallery-item-large\" itemprop=\"associatedMedia\" itemscope itemtype=\"http:\/\/schema.org\/ImageObject\"> <a class=\"nolightbox\" class=\"nolightbox\" href=\"https:\/\/spirit-of-football.de\/2018\/03\/26\/fuenfte-ballreise-zur-wm-nach-russland-am-sonntag-im-londoner-battersea-park-gestartet\/2018-03-25-kick-off-batterea-park-09\/\" border=\"0\" itemprop=\"url\"> <meta itemprop=\"width\" content=\"436\"> <meta itemprop=\"height\" content=\"327\"> <img decoding=\"async\" class=\"\" data-attachment-id=\"7329\" data-orig-file=\"https:\/\/theball.tv\/2018\/wp-content\/uploads\/sites\/12\/2018\/03\/2018-03-25-kick-off-batterea-park-09.jpg\" data-orig-size=\"1600,1200\" data-comments-opened=\"\" data-image-meta=\"{&quot;aperture&quot;:&quot;2.4&quot;,&quot;credit&quot;:&quot;&quot;,&quot;camera&quot;:&quot;SM-G965F&quot;,&quot;caption&quot;:&quot;&quot;,&quot;created_timestamp&quot;:&quot;1521974712&quot;,&quot;copyright&quot;:&quot;&quot;,&quot;focal_length&quot;:&quot;4.3&quot;,&quot;iso&quot;:&quot;50&quot;,&quot;shutter_speed&quot;:&quot;0.0037878787878788&quot;,&quot;title&quot;:&quot;&quot;,&quot;orientation&quot;:&quot;1&quot;}\" data-image-title=\"2018 03 25 kick off batterea park-09\" data-image-description=\"\" data-medium-file=\"https:\/\/theball.tv\/2018\/wp-content\/uploads\/sites\/12\/2018\/03\/2018-03-25-kick-off-batterea-park-09-300x225.jpg\" data-large-file=\"https:\/\/theball.tv\/2018\/wp-content\/uploads\/sites\/12\/2018\/03\/2018-03-25-kick-off-batterea-park-09-1024x768.jpg\" src=\"https:\/\/theball.tv\/2018\/wp-content\/uploads\/sites\/12\/2018\/03\/2018-03-25-kick-off-batterea-park-09.jpg\" srcset=\"https:\/\/theball.tv\/2018\/wp-content\/uploads\/sites\/12\/2018\/03\/2018-03-25-kick-off-batterea-park-09.jpg 1600w, https:\/\/theball.tv\/2018\/wp-content\/uploads\/sites\/12\/2018\/03\/2018-03-25-kick-off-batterea-park-09-1536x1152.jpg 1536w, https:\/\/theball.tv\/2018\/wp-content\/uploads\/sites\/12\/2018\/03\/2018-03-25-kick-off-batterea-park-09-16x12.jpg 16w, https:\/\/theball.tv\/2018\/wp-content\/uploads\/sites\/12\/2018\/03\/2018-03-25-kick-off-batterea-park-09-960x720.jpg 960w, https:\/\/theball.tv\/2018\/wp-content\/uploads\/sites\/12\/2018\/03\/2018-03-25-kick-off-batterea-park-09-427x320.jpg 427w, https:\/\/theball.tv\/2018\/wp-content\/uploads\/sites\/12\/2018\/03\/2018-03-25-kick-off-batterea-park-09-640x480.jpg 640w, https:\/\/theball.tv\/2018\/wp-content\/uploads\/sites\/12\/2018\/03\/2018-03-25-kick-off-batterea-park-09-618x464.jpg 618w, https:\/\/theball.tv\/2018\/wp-content\/uploads\/sites\/12\/2018\/03\/2018-03-25-kick-off-batterea-park-09-240x180.jpg 240w, https:\/\/theball.tv\/2018\/wp-content\/uploads\/sites\/12\/2018\/03\/2018-03-25-kick-off-batterea-park-09-980x735.jpg 980w, https:\/\/theball.tv\/2018\/wp-content\/uploads\/sites\/12\/2018\/03\/2018-03-25-kick-off-batterea-park-09-300x225.jpg 300w, https:\/\/theball.tv\/2018\/wp-content\/uploads\/sites\/12\/2018\/03\/2018-03-25-kick-off-batterea-park-09-768x576.jpg 768w, https:\/\/theball.tv\/2018\/wp-content\/uploads\/sites\/12\/2018\/03\/2018-03-25-kick-off-batterea-park-09-1024x768.jpg 1024w, https:\/\/theball.tv\/2018\/wp-content\/uploads\/sites\/12\/2018\/03\/2018-03-25-kick-off-batterea-park-09-400x300.jpg 400w\" width=\"436\" height=\"327\" loading=\"lazy\" data-original-width=\"436\" data-original-height=\"327\" itemprop=\"http:\/\/schema.org\/image\" title=\"2018 03 25 kick off batterea park-09\" alt=\"Der Anstoss wird durch das international bekannte Schnick-Schnack-Schnuck-Spiel bestimmt\" style=\"width: 436px; height: 327px;\" \/> <\/a> <div class=\"tiled-gallery-caption\" itemprop=\"caption description\"> Der Anstoss wird durch das international bekannte Schnick-Schnack-Schnuck-Spiel bestimmt <\/div> <\/div> <\/div> <!-- close group --> <div class=\"gallery-group images-2\" style=\"width: 220px; height: 331px;\" data-original-width=\"220\" data-original-height=\"331\" > <div class=\"tiled-gallery-item tiled-gallery-item-small\" itemprop=\"associatedMedia\" itemscope itemtype=\"http:\/\/schema.org\/ImageObject\"> <a class=\"nolightbox\" class=\"nolightbox\" href=\"https:\/\/spirit-of-football.de\/2018\/03\/26\/fuenfte-ballreise-zur-wm-nach-russland-am-sonntag-im-londoner-battersea-park-gestartet\/2018-03-25-kick-off-batterea-park-06\/\" border=\"0\" itemprop=\"url\"> <meta itemprop=\"width\" content=\"216\"> <meta itemprop=\"height\" content=\"162\"> <img decoding=\"async\" class=\"\" data-attachment-id=\"7326\" data-orig-file=\"https:\/\/theball.tv\/2018\/wp-content\/uploads\/sites\/12\/2018\/03\/2018-03-25-kick-off-batterea-park-06.jpg\" data-orig-size=\"1600,1200\" data-comments-opened=\"\" data-image-meta=\"{&quot;aperture&quot;:&quot;2.4&quot;,&quot;credit&quot;:&quot;&quot;,&quot;camera&quot;:&quot;SM-G965F&quot;,&quot;caption&quot;:&quot;&quot;,&quot;created_timestamp&quot;:&quot;1521974655&quot;,&quot;copyright&quot;:&quot;&quot;,&quot;focal_length&quot;:&quot;4.3&quot;,&quot;iso&quot;:&quot;50&quot;,&quot;shutter_speed&quot;:&quot;0.0034722222222222&quot;,&quot;title&quot;:&quot;&quot;,&quot;orientation&quot;:&quot;1&quot;}\" data-image-title=\"2018 03 25 kick off batterea park-06\" data-image-description=\"\" data-medium-file=\"https:\/\/theball.tv\/2018\/wp-content\/uploads\/sites\/12\/2018\/03\/2018-03-25-kick-off-batterea-park-06-300x225.jpg\" data-large-file=\"https:\/\/theball.tv\/2018\/wp-content\/uploads\/sites\/12\/2018\/03\/2018-03-25-kick-off-batterea-park-06-1024x768.jpg\" src=\"https:\/\/theball.tv\/2018\/wp-content\/uploads\/sites\/12\/2018\/03\/2018-03-25-kick-off-batterea-park-06.jpg\" srcset=\"https:\/\/theball.tv\/2018\/wp-content\/uploads\/sites\/12\/2018\/03\/2018-03-25-kick-off-batterea-park-06.jpg 1600w, https:\/\/theball.tv\/2018\/wp-content\/uploads\/sites\/12\/2018\/03\/2018-03-25-kick-off-batterea-park-06-1536x1152.jpg 1536w, https:\/\/theball.tv\/2018\/wp-content\/uploads\/sites\/12\/2018\/03\/2018-03-25-kick-off-batterea-park-06-16x12.jpg 16w, https:\/\/theball.tv\/2018\/wp-content\/uploads\/sites\/12\/2018\/03\/2018-03-25-kick-off-batterea-park-06-960x720.jpg 960w, https:\/\/theball.tv\/2018\/wp-content\/uploads\/sites\/12\/2018\/03\/2018-03-25-kick-off-batterea-park-06-427x320.jpg 427w, https:\/\/theball.tv\/2018\/wp-content\/uploads\/sites\/12\/2018\/03\/2018-03-25-kick-off-batterea-park-06-640x480.jpg 640w, https:\/\/theball.tv\/2018\/wp-content\/uploads\/sites\/12\/2018\/03\/2018-03-25-kick-off-batterea-park-06-618x464.jpg 618w, https:\/\/theball.tv\/2018\/wp-content\/uploads\/sites\/12\/2018\/03\/2018-03-25-kick-off-batterea-park-06-240x180.jpg 240w, https:\/\/theball.tv\/2018\/wp-content\/uploads\/sites\/12\/2018\/03\/2018-03-25-kick-off-batterea-park-06-980x735.jpg 980w, https:\/\/theball.tv\/2018\/wp-content\/uploads\/sites\/12\/2018\/03\/2018-03-25-kick-off-batterea-park-06-300x225.jpg 300w, https:\/\/theball.tv\/2018\/wp-content\/uploads\/sites\/12\/2018\/03\/2018-03-25-kick-off-batterea-park-06-768x576.jpg 768w, https:\/\/theball.tv\/2018\/wp-content\/uploads\/sites\/12\/2018\/03\/2018-03-25-kick-off-batterea-park-06-1024x768.jpg 1024w, https:\/\/theball.tv\/2018\/wp-content\/uploads\/sites\/12\/2018\/03\/2018-03-25-kick-off-batterea-park-06-400x300.jpg 400w\" width=\"216\" height=\"162\" loading=\"lazy\" data-original-width=\"216\" data-original-height=\"162\" itemprop=\"http:\/\/schema.org\/image\" title=\"2018 03 25 kick off batterea park-06\" alt=\"Bitte l\u00e4cheln f\u00fcr das Mannschaftsfoto\" style=\"width: 216px; height: 162px;\" \/> <\/a> <div class=\"tiled-gallery-caption\" itemprop=\"caption description\"> Bitte l\u00e4cheln f\u00fcr das Mannschaftsfoto <\/div> <\/div> <div class=\"tiled-gallery-item tiled-gallery-item-small\" itemprop=\"associatedMedia\" itemscope itemtype=\"http:\/\/schema.org\/ImageObject\"> <a class=\"nolightbox\" class=\"nolightbox\" href=\"https:\/\/spirit-of-football.de\/2018\/03\/26\/fuenfte-ballreise-zur-wm-nach-russland-am-sonntag-im-londoner-battersea-park-gestartet\/2018-03-25-kick-off-batterea-park-15\/\" border=\"0\" itemprop=\"url\"> <meta itemprop=\"width\" content=\"216\"> <meta itemprop=\"height\" content=\"161\"> <img decoding=\"async\" class=\"\" data-attachment-id=\"7335\" data-orig-file=\"https:\/\/theball.tv\/2018\/wp-content\/uploads\/sites\/12\/2018\/03\/2018-03-25-kick-off-batterea-park-15.jpg\" data-orig-size=\"1600,1200\" data-comments-opened=\"\" data-image-meta=\"{&quot;aperture&quot;:&quot;2.4&quot;,&quot;credit&quot;:&quot;&quot;,&quot;camera&quot;:&quot;SM-G965F&quot;,&quot;caption&quot;:&quot;&quot;,&quot;created_timestamp&quot;:&quot;1521977489&quot;,&quot;copyright&quot;:&quot;&quot;,&quot;focal_length&quot;:&quot;4.3&quot;,&quot;iso&quot;:&quot;50&quot;,&quot;shutter_speed&quot;:&quot;0.0045662100456621&quot;,&quot;title&quot;:&quot;&quot;,&quot;orientation&quot;:&quot;1&quot;}\" data-image-title=\"2018 03 25 kick off batterea park-15\" data-image-description=\"\" data-medium-file=\"https:\/\/theball.tv\/2018\/wp-content\/uploads\/sites\/12\/2018\/03\/2018-03-25-kick-off-batterea-park-15-300x225.jpg\" data-large-file=\"https:\/\/theball.tv\/2018\/wp-content\/uploads\/sites\/12\/2018\/03\/2018-03-25-kick-off-batterea-park-15-1024x768.jpg\" src=\"https:\/\/theball.tv\/2018\/wp-content\/uploads\/sites\/12\/2018\/03\/2018-03-25-kick-off-batterea-park-15.jpg\" srcset=\"https:\/\/theball.tv\/2018\/wp-content\/uploads\/sites\/12\/2018\/03\/2018-03-25-kick-off-batterea-park-15.jpg 1600w, https:\/\/theball.tv\/2018\/wp-content\/uploads\/sites\/12\/2018\/03\/2018-03-25-kick-off-batterea-park-15-1536x1152.jpg 1536w, https:\/\/theball.tv\/2018\/wp-content\/uploads\/sites\/12\/2018\/03\/2018-03-25-kick-off-batterea-park-15-16x12.jpg 16w, https:\/\/theball.tv\/2018\/wp-content\/uploads\/sites\/12\/2018\/03\/2018-03-25-kick-off-batterea-park-15-960x720.jpg 960w, https:\/\/theball.tv\/2018\/wp-content\/uploads\/sites\/12\/2018\/03\/2018-03-25-kick-off-batterea-park-15-427x320.jpg 427w, https:\/\/theball.tv\/2018\/wp-content\/uploads\/sites\/12\/2018\/03\/2018-03-25-kick-off-batterea-park-15-640x480.jpg 640w, https:\/\/theball.tv\/2018\/wp-content\/uploads\/sites\/12\/2018\/03\/2018-03-25-kick-off-batterea-park-15-618x464.jpg 618w, https:\/\/theball.tv\/2018\/wp-content\/uploads\/sites\/12\/2018\/03\/2018-03-25-kick-off-batterea-park-15-240x180.jpg 240w, https:\/\/theball.tv\/2018\/wp-content\/uploads\/sites\/12\/2018\/03\/2018-03-25-kick-off-batterea-park-15-980x735.jpg 980w, https:\/\/theball.tv\/2018\/wp-content\/uploads\/sites\/12\/2018\/03\/2018-03-25-kick-off-batterea-park-15-300x225.jpg 300w, https:\/\/theball.tv\/2018\/wp-content\/uploads\/sites\/12\/2018\/03\/2018-03-25-kick-off-batterea-park-15-768x576.jpg 768w, https:\/\/theball.tv\/2018\/wp-content\/uploads\/sites\/12\/2018\/03\/2018-03-25-kick-off-batterea-park-15-1024x768.jpg 1024w, https:\/\/theball.tv\/2018\/wp-content\/uploads\/sites\/12\/2018\/03\/2018-03-25-kick-off-batterea-park-15-400x300.jpg 400w\" width=\"216\" height=\"161\" loading=\"lazy\" data-original-width=\"216\" data-original-height=\"161\" itemprop=\"http:\/\/schema.org\/image\" title=\"2018 03 25 kick off batterea park-15\" alt=\"Bitte l\u00e4cheln f\u00fcr das Mannschaftsfoto\" style=\"width: 216px; height: 161px;\" \/> <\/a> <div class=\"tiled-gallery-caption\" itemprop=\"caption description\"> Bitte l\u00e4cheln f\u00fcr das Mannschaftsfoto <\/div> <\/div> <\/div> <!-- close group --> <\/div> <!-- close row --> <div class=\"gallery-row\" style=\"width: 660px; height: 166px;\" data-original-width=\"660\" data-original-height=\"166\" > <div class=\"gallery-group images-1\" style=\"width: 220px; height: 166px;\" data-original-width=\"220\" data-original-height=\"166\" > <div class=\"tiled-gallery-item tiled-gallery-item-small\" itemprop=\"associatedMedia\" itemscope itemtype=\"http:\/\/schema.org\/ImageObject\"> <a class=\"nolightbox\" class=\"nolightbox\" href=\"https:\/\/spirit-of-football.de\/2018\/03\/26\/fuenfte-ballreise-zur-wm-nach-russland-am-sonntag-im-londoner-battersea-park-gestartet\/2018-03-25-kick-off-batterea-park-07\/\" border=\"0\" itemprop=\"url\"> <meta itemprop=\"width\" content=\"216\"> <meta itemprop=\"height\" content=\"162\"> <img decoding=\"async\" class=\"\" data-attachment-id=\"7327\" data-orig-file=\"https:\/\/theball.tv\/2018\/wp-content\/uploads\/sites\/12\/2018\/03\/2018-03-25-kick-off-batterea-park-07.jpg\" data-orig-size=\"1600,1200\" data-comments-opened=\"\" data-image-meta=\"{&quot;aperture&quot;:&quot;2.4&quot;,&quot;credit&quot;:&quot;&quot;,&quot;camera&quot;:&quot;SM-G965F&quot;,&quot;caption&quot;:&quot;&quot;,&quot;created_timestamp&quot;:&quot;1521974679&quot;,&quot;copyright&quot;:&quot;&quot;,&quot;focal_length&quot;:&quot;4.3&quot;,&quot;iso&quot;:&quot;50&quot;,&quot;shutter_speed&quot;:&quot;0.0027397260273973&quot;,&quot;title&quot;:&quot;&quot;,&quot;orientation&quot;:&quot;1&quot;}\" data-image-title=\"2018 03 25 kick off batterea park-07\" data-image-description=\"\" data-medium-file=\"https:\/\/theball.tv\/2018\/wp-content\/uploads\/sites\/12\/2018\/03\/2018-03-25-kick-off-batterea-park-07-300x225.jpg\" data-large-file=\"https:\/\/theball.tv\/2018\/wp-content\/uploads\/sites\/12\/2018\/03\/2018-03-25-kick-off-batterea-park-07-1024x768.jpg\" src=\"https:\/\/theball.tv\/2018\/wp-content\/uploads\/sites\/12\/2018\/03\/2018-03-25-kick-off-batterea-park-07.jpg\" srcset=\"https:\/\/theball.tv\/2018\/wp-content\/uploads\/sites\/12\/2018\/03\/2018-03-25-kick-off-batterea-park-07.jpg 1600w, https:\/\/theball.tv\/2018\/wp-content\/uploads\/sites\/12\/2018\/03\/2018-03-25-kick-off-batterea-park-07-1536x1152.jpg 1536w, https:\/\/theball.tv\/2018\/wp-content\/uploads\/sites\/12\/2018\/03\/2018-03-25-kick-off-batterea-park-07-16x12.jpg 16w, https:\/\/theball.tv\/2018\/wp-content\/uploads\/sites\/12\/2018\/03\/2018-03-25-kick-off-batterea-park-07-960x720.jpg 960w, https:\/\/theball.tv\/2018\/wp-content\/uploads\/sites\/12\/2018\/03\/2018-03-25-kick-off-batterea-park-07-427x320.jpg 427w, https:\/\/theball.tv\/2018\/wp-content\/uploads\/sites\/12\/2018\/03\/2018-03-25-kick-off-batterea-park-07-640x480.jpg 640w, https:\/\/theball.tv\/2018\/wp-content\/uploads\/sites\/12\/2018\/03\/2018-03-25-kick-off-batterea-park-07-618x464.jpg 618w, https:\/\/theball.tv\/2018\/wp-content\/uploads\/sites\/12\/2018\/03\/2018-03-25-kick-off-batterea-park-07-240x180.jpg 240w, https:\/\/theball.tv\/2018\/wp-content\/uploads\/sites\/12\/2018\/03\/2018-03-25-kick-off-batterea-park-07-980x735.jpg 980w, https:\/\/theball.tv\/2018\/wp-content\/uploads\/sites\/12\/2018\/03\/2018-03-25-kick-off-batterea-park-07-300x225.jpg 300w, https:\/\/theball.tv\/2018\/wp-content\/uploads\/sites\/12\/2018\/03\/2018-03-25-kick-off-batterea-park-07-768x576.jpg 768w, https:\/\/theball.tv\/2018\/wp-content\/uploads\/sites\/12\/2018\/03\/2018-03-25-kick-off-batterea-park-07-1024x768.jpg 1024w, https:\/\/theball.tv\/2018\/wp-content\/uploads\/sites\/12\/2018\/03\/2018-03-25-kick-off-batterea-park-07-400x300.jpg 400w\" width=\"216\" height=\"162\" loading=\"lazy\" data-original-width=\"216\" data-original-height=\"162\" itemprop=\"http:\/\/schema.org\/image\" title=\"2018 03 25 kick off batterea park-07\" alt=\"Bitte l\u00e4cheln f\u00fcr das Mannschaftsfoto\" style=\"width: 216px; height: 162px;\" \/> <\/a> <div class=\"tiled-gallery-caption\" itemprop=\"caption description\"> Bitte l\u00e4cheln f\u00fcr das Mannschaftsfoto <\/div> <\/div> <\/div> <!-- close group --> <div class=\"gallery-group images-1\" style=\"width: 220px; height: 166px;\" data-original-width=\"220\" data-original-height=\"166\" > <div class=\"tiled-gallery-item tiled-gallery-item-small\" itemprop=\"associatedMedia\" itemscope itemtype=\"http:\/\/schema.org\/ImageObject\"> <a class=\"nolightbox\" class=\"nolightbox\" href=\"https:\/\/spirit-of-football.de\/2018\/03\/26\/fuenfte-ballreise-zur-wm-nach-russland-am-sonntag-im-londoner-battersea-park-gestartet\/2018-03-25-kick-off-batterea-park-08\/\" border=\"0\" itemprop=\"url\"> <meta itemprop=\"width\" content=\"216\"> <meta itemprop=\"height\" content=\"162\"> <img decoding=\"async\" class=\"\" data-attachment-id=\"7328\" data-orig-file=\"https:\/\/theball.tv\/2018\/wp-content\/uploads\/sites\/12\/2018\/03\/2018-03-25-kick-off-batterea-park-08.jpg\" data-orig-size=\"1600,1200\" data-comments-opened=\"\" data-image-meta=\"{&quot;aperture&quot;:&quot;2.4&quot;,&quot;credit&quot;:&quot;&quot;,&quot;camera&quot;:&quot;SM-G965F&quot;,&quot;caption&quot;:&quot;&quot;,&quot;created_timestamp&quot;:&quot;1521974688&quot;,&quot;copyright&quot;:&quot;&quot;,&quot;focal_length&quot;:&quot;4.3&quot;,&quot;iso&quot;:&quot;50&quot;,&quot;shutter_speed&quot;:&quot;0.0031152647975078&quot;,&quot;title&quot;:&quot;&quot;,&quot;orientation&quot;:&quot;1&quot;}\" data-image-title=\"2018 03 25 kick off batterea park-08\" data-image-description=\"\" data-medium-file=\"https:\/\/theball.tv\/2018\/wp-content\/uploads\/sites\/12\/2018\/03\/2018-03-25-kick-off-batterea-park-08-300x225.jpg\" data-large-file=\"https:\/\/theball.tv\/2018\/wp-content\/uploads\/sites\/12\/2018\/03\/2018-03-25-kick-off-batterea-park-08-1024x768.jpg\" src=\"https:\/\/theball.tv\/2018\/wp-content\/uploads\/sites\/12\/2018\/03\/2018-03-25-kick-off-batterea-park-08.jpg\" srcset=\"https:\/\/theball.tv\/2018\/wp-content\/uploads\/sites\/12\/2018\/03\/2018-03-25-kick-off-batterea-park-08.jpg 1600w, https:\/\/theball.tv\/2018\/wp-content\/uploads\/sites\/12\/2018\/03\/2018-03-25-kick-off-batterea-park-08-1536x1152.jpg 1536w, https:\/\/theball.tv\/2018\/wp-content\/uploads\/sites\/12\/2018\/03\/2018-03-25-kick-off-batterea-park-08-16x12.jpg 16w, https:\/\/theball.tv\/2018\/wp-content\/uploads\/sites\/12\/2018\/03\/2018-03-25-kick-off-batterea-park-08-960x720.jpg 960w, https:\/\/theball.tv\/2018\/wp-content\/uploads\/sites\/12\/2018\/03\/2018-03-25-kick-off-batterea-park-08-427x320.jpg 427w, https:\/\/theball.tv\/2018\/wp-content\/uploads\/sites\/12\/2018\/03\/2018-03-25-kick-off-batterea-park-08-640x480.jpg 640w, https:\/\/theball.tv\/2018\/wp-content\/uploads\/sites\/12\/2018\/03\/2018-03-25-kick-off-batterea-park-08-618x464.jpg 618w, https:\/\/theball.tv\/2018\/wp-content\/uploads\/sites\/12\/2018\/03\/2018-03-25-kick-off-batterea-park-08-240x180.jpg 240w, https:\/\/theball.tv\/2018\/wp-content\/uploads\/sites\/12\/2018\/03\/2018-03-25-kick-off-batterea-park-08-980x735.jpg 980w, https:\/\/theball.tv\/2018\/wp-content\/uploads\/sites\/12\/2018\/03\/2018-03-25-kick-off-batterea-park-08-300x225.jpg 300w, https:\/\/theball.tv\/2018\/wp-content\/uploads\/sites\/12\/2018\/03\/2018-03-25-kick-off-batterea-park-08-768x576.jpg 768w, https:\/\/theball.tv\/2018\/wp-content\/uploads\/sites\/12\/2018\/03\/2018-03-25-kick-off-batterea-park-08-1024x768.jpg 1024w, https:\/\/theball.tv\/2018\/wp-content\/uploads\/sites\/12\/2018\/03\/2018-03-25-kick-off-batterea-park-08-400x300.jpg 400w\" width=\"216\" height=\"162\" loading=\"lazy\" data-original-width=\"216\" data-original-height=\"162\" itemprop=\"http:\/\/schema.org\/image\" title=\"2018 03 25 kick off batterea park-08\" alt=\"Bitte l\u00e4cheln f\u00fcr das Mannschaftsfoto\" style=\"width: 216px; height: 162px;\" \/> <\/a> <div class=\"tiled-gallery-caption\" itemprop=\"caption description\"> Bitte l\u00e4cheln f\u00fcr das Mannschaftsfoto <\/div> <\/div> <\/div> <!-- close group --> <div class=\"gallery-group images-1\" style=\"width: 220px; height: 166px;\" data-original-width=\"220\" data-original-height=\"166\" > <div class=\"tiled-gallery-item tiled-gallery-item-small\" itemprop=\"associatedMedia\" itemscope itemtype=\"http:\/\/schema.org\/ImageObject\"> <a class=\"nolightbox\" class=\"nolightbox\" href=\"https:\/\/spirit-of-football.de\/2018\/03\/26\/fuenfte-ballreise-zur-wm-nach-russland-am-sonntag-im-londoner-battersea-park-gestartet\/2018-03-25-kick-off-batterea-park-10\/\" border=\"0\" itemprop=\"url\"> <meta itemprop=\"width\" content=\"216\"> <meta itemprop=\"height\" content=\"162\"> <img decoding=\"async\" class=\"\" data-attachment-id=\"7330\" data-orig-file=\"https:\/\/theball.tv\/2018\/wp-content\/uploads\/sites\/12\/2018\/03\/2018-03-25-kick-off-batterea-park-10.jpg\" data-orig-size=\"1600,1200\" data-comments-opened=\"\" data-image-meta=\"{&quot;aperture&quot;:&quot;2.4&quot;,&quot;credit&quot;:&quot;&quot;,&quot;camera&quot;:&quot;SM-G965F&quot;,&quot;caption&quot;:&quot;&quot;,&quot;created_timestamp&quot;:&quot;1521974727&quot;,&quot;copyright&quot;:&quot;&quot;,&quot;focal_length&quot;:&quot;4.3&quot;,&quot;iso&quot;:&quot;50&quot;,&quot;shutter_speed&quot;:&quot;0.0044642857142857&quot;,&quot;title&quot;:&quot;&quot;,&quot;orientation&quot;:&quot;1&quot;}\" data-image-title=\"2018 03 25 kick off batterea park-10\" data-image-description=\"\" data-medium-file=\"https:\/\/theball.tv\/2018\/wp-content\/uploads\/sites\/12\/2018\/03\/2018-03-25-kick-off-batterea-park-10-300x225.jpg\" data-large-file=\"https:\/\/theball.tv\/2018\/wp-content\/uploads\/sites\/12\/2018\/03\/2018-03-25-kick-off-batterea-park-10-1024x768.jpg\" src=\"https:\/\/theball.tv\/2018\/wp-content\/uploads\/sites\/12\/2018\/03\/2018-03-25-kick-off-batterea-park-10.jpg\" srcset=\"https:\/\/theball.tv\/2018\/wp-content\/uploads\/sites\/12\/2018\/03\/2018-03-25-kick-off-batterea-park-10.jpg 1600w, https:\/\/theball.tv\/2018\/wp-content\/uploads\/sites\/12\/2018\/03\/2018-03-25-kick-off-batterea-park-10-1536x1152.jpg 1536w, https:\/\/theball.tv\/2018\/wp-content\/uploads\/sites\/12\/2018\/03\/2018-03-25-kick-off-batterea-park-10-16x12.jpg 16w, https:\/\/theball.tv\/2018\/wp-content\/uploads\/sites\/12\/2018\/03\/2018-03-25-kick-off-batterea-park-10-960x720.jpg 960w, https:\/\/theball.tv\/2018\/wp-content\/uploads\/sites\/12\/2018\/03\/2018-03-25-kick-off-batterea-park-10-427x320.jpg 427w, https:\/\/theball.tv\/2018\/wp-content\/uploads\/sites\/12\/2018\/03\/2018-03-25-kick-off-batterea-park-10-640x480.jpg 640w, https:\/\/theball.tv\/2018\/wp-content\/uploads\/sites\/12\/2018\/03\/2018-03-25-kick-off-batterea-park-10-618x464.jpg 618w, https:\/\/theball.tv\/2018\/wp-content\/uploads\/sites\/12\/2018\/03\/2018-03-25-kick-off-batterea-park-10-240x180.jpg 240w, https:\/\/theball.tv\/2018\/wp-content\/uploads\/sites\/12\/2018\/03\/2018-03-25-kick-off-batterea-park-10-980x735.jpg 980w, https:\/\/theball.tv\/2018\/wp-content\/uploads\/sites\/12\/2018\/03\/2018-03-25-kick-off-batterea-park-10-300x225.jpg 300w, https:\/\/theball.tv\/2018\/wp-content\/uploads\/sites\/12\/2018\/03\/2018-03-25-kick-off-batterea-park-10-768x576.jpg 768w, https:\/\/theball.tv\/2018\/wp-content\/uploads\/sites\/12\/2018\/03\/2018-03-25-kick-off-batterea-park-10-1024x768.jpg 1024w, https:\/\/theball.tv\/2018\/wp-content\/uploads\/sites\/12\/2018\/03\/2018-03-25-kick-off-batterea-park-10-400x300.jpg 400w\" width=\"216\" height=\"162\" loading=\"lazy\" data-original-width=\"216\" data-original-height=\"162\" itemprop=\"http:\/\/schema.org\/image\" title=\"2018 03 25 kick off batterea park-10\" alt=\"Bitte l\u00e4cheln f\u00fcr das Mannschaftsfoto\" style=\"width: 216px; height: 162px;\" \/> <\/a> <div class=\"tiled-gallery-caption\" itemprop=\"caption description\"> Bitte l\u00e4cheln f\u00fcr das Mannschaftsfoto <\/div> <\/div> <\/div> <!-- close group --> <\/div> <!-- close row --> <div class=\"gallery-row\" style=\"width: 660px; height: 331px;\" data-original-width=\"660\" data-original-height=\"331\" > <div class=\"gallery-group images-2\" style=\"width: 220px; height: 331px;\" data-original-width=\"220\" data-original-height=\"331\" > <div class=\"tiled-gallery-item tiled-gallery-item-small\" itemprop=\"associatedMedia\" itemscope itemtype=\"http:\/\/schema.org\/ImageObject\"> <a class=\"nolightbox\" class=\"nolightbox\" href=\"https:\/\/spirit-of-football.de\/2018\/03\/26\/fuenfte-ballreise-zur-wm-nach-russland-am-sonntag-im-londoner-battersea-park-gestartet\/2018-03-25-kick-off-batterea-park-11\/\" border=\"0\" itemprop=\"url\"> <meta itemprop=\"width\" content=\"216\"> <meta itemprop=\"height\" content=\"162\"> <img decoding=\"async\" class=\"\" data-attachment-id=\"7331\" data-orig-file=\"https:\/\/theball.tv\/2018\/wp-content\/uploads\/sites\/12\/2018\/03\/2018-03-25-kick-off-batterea-park-11.jpg\" data-orig-size=\"1600,1200\" data-comments-opened=\"\" data-image-meta=\"{&quot;aperture&quot;:&quot;2.4&quot;,&quot;credit&quot;:&quot;&quot;,&quot;camera&quot;:&quot;SM-G965F&quot;,&quot;caption&quot;:&quot;&quot;,&quot;created_timestamp&quot;:&quot;1521974735&quot;,&quot;copyright&quot;:&quot;&quot;,&quot;focal_length&quot;:&quot;4.3&quot;,&quot;iso&quot;:&quot;50&quot;,&quot;shutter_speed&quot;:&quot;0.0049019607843137&quot;,&quot;title&quot;:&quot;&quot;,&quot;orientation&quot;:&quot;1&quot;}\" data-image-title=\"2018 03 25 kick off batterea park-11\" data-image-description=\"\" data-medium-file=\"https:\/\/theball.tv\/2018\/wp-content\/uploads\/sites\/12\/2018\/03\/2018-03-25-kick-off-batterea-park-11-300x225.jpg\" data-large-file=\"https:\/\/theball.tv\/2018\/wp-content\/uploads\/sites\/12\/2018\/03\/2018-03-25-kick-off-batterea-park-11-1024x768.jpg\" src=\"https:\/\/theball.tv\/2018\/wp-content\/uploads\/sites\/12\/2018\/03\/2018-03-25-kick-off-batterea-park-11.jpg\" srcset=\"https:\/\/theball.tv\/2018\/wp-content\/uploads\/sites\/12\/2018\/03\/2018-03-25-kick-off-batterea-park-11.jpg 1600w, https:\/\/theball.tv\/2018\/wp-content\/uploads\/sites\/12\/2018\/03\/2018-03-25-kick-off-batterea-park-11-1536x1152.jpg 1536w, https:\/\/theball.tv\/2018\/wp-content\/uploads\/sites\/12\/2018\/03\/2018-03-25-kick-off-batterea-park-11-16x12.jpg 16w, https:\/\/theball.tv\/2018\/wp-content\/uploads\/sites\/12\/2018\/03\/2018-03-25-kick-off-batterea-park-11-960x720.jpg 960w, https:\/\/theball.tv\/2018\/wp-content\/uploads\/sites\/12\/2018\/03\/2018-03-25-kick-off-batterea-park-11-427x320.jpg 427w, https:\/\/theball.tv\/2018\/wp-content\/uploads\/sites\/12\/2018\/03\/2018-03-25-kick-off-batterea-park-11-640x480.jpg 640w, https:\/\/theball.tv\/2018\/wp-content\/uploads\/sites\/12\/2018\/03\/2018-03-25-kick-off-batterea-park-11-618x464.jpg 618w, https:\/\/theball.tv\/2018\/wp-content\/uploads\/sites\/12\/2018\/03\/2018-03-25-kick-off-batterea-park-11-240x180.jpg 240w, https:\/\/theball.tv\/2018\/wp-content\/uploads\/sites\/12\/2018\/03\/2018-03-25-kick-off-batterea-park-11-980x735.jpg 980w, https:\/\/theball.tv\/2018\/wp-content\/uploads\/sites\/12\/2018\/03\/2018-03-25-kick-off-batterea-park-11-300x225.jpg 300w, https:\/\/theball.tv\/2018\/wp-content\/uploads\/sites\/12\/2018\/03\/2018-03-25-kick-off-batterea-park-11-768x576.jpg 768w, https:\/\/theball.tv\/2018\/wp-content\/uploads\/sites\/12\/2018\/03\/2018-03-25-kick-off-batterea-park-11-1024x768.jpg 1024w, https:\/\/theball.tv\/2018\/wp-content\/uploads\/sites\/12\/2018\/03\/2018-03-25-kick-off-batterea-park-11-400x300.jpg 400w\" width=\"216\" height=\"162\" loading=\"lazy\" data-original-width=\"216\" data-original-height=\"162\" itemprop=\"http:\/\/schema.org\/image\" title=\"2018 03 25 kick off batterea park-11\" alt=\"Bitte l\u00e4cheln f\u00fcr das Mannschaftsfoto\" style=\"width: 216px; height: 162px;\" \/> <\/a> <div class=\"tiled-gallery-caption\" itemprop=\"caption description\"> Bitte l\u00e4cheln f\u00fcr das Mannschaftsfoto <\/div> <\/div> <div class=\"tiled-gallery-item tiled-gallery-item-small\" itemprop=\"associatedMedia\" itemscope itemtype=\"http:\/\/schema.org\/ImageObject\"> <a class=\"nolightbox\" class=\"nolightbox\" href=\"https:\/\/spirit-of-football.de\/2018\/03\/26\/fuenfte-ballreise-zur-wm-nach-russland-am-sonntag-im-londoner-battersea-park-gestartet\/2018-03-25-kick-off-batterea-park-13\/\" border=\"0\" itemprop=\"url\"> <meta itemprop=\"width\" content=\"216\"> <meta itemprop=\"height\" content=\"161\"> <img decoding=\"async\" class=\"\" data-attachment-id=\"7333\" data-orig-file=\"https:\/\/theball.tv\/2018\/wp-content\/uploads\/sites\/12\/2018\/03\/2018-03-25-kick-off-batterea-park-13.jpg\" data-orig-size=\"1600,1200\" data-comments-opened=\"\" data-image-meta=\"{&quot;aperture&quot;:&quot;2.4&quot;,&quot;credit&quot;:&quot;&quot;,&quot;camera&quot;:&quot;SM-G965F&quot;,&quot;caption&quot;:&quot;&quot;,&quot;created_timestamp&quot;:&quot;1521974757&quot;,&quot;copyright&quot;:&quot;&quot;,&quot;focal_length&quot;:&quot;4.3&quot;,&quot;iso&quot;:&quot;50&quot;,&quot;shutter_speed&quot;:&quot;0.0038910505836576&quot;,&quot;title&quot;:&quot;&quot;,&quot;orientation&quot;:&quot;1&quot;}\" data-image-title=\"2018 03 25 kick off batterea park-13\" data-image-description=\"\" data-medium-file=\"https:\/\/theball.tv\/2018\/wp-content\/uploads\/sites\/12\/2018\/03\/2018-03-25-kick-off-batterea-park-13-300x225.jpg\" data-large-file=\"https:\/\/theball.tv\/2018\/wp-content\/uploads\/sites\/12\/2018\/03\/2018-03-25-kick-off-batterea-park-13-1024x768.jpg\" src=\"https:\/\/theball.tv\/2018\/wp-content\/uploads\/sites\/12\/2018\/03\/2018-03-25-kick-off-batterea-park-13.jpg\" srcset=\"https:\/\/theball.tv\/2018\/wp-content\/uploads\/sites\/12\/2018\/03\/2018-03-25-kick-off-batterea-park-13.jpg 1600w, https:\/\/theball.tv\/2018\/wp-content\/uploads\/sites\/12\/2018\/03\/2018-03-25-kick-off-batterea-park-13-1536x1152.jpg 1536w, https:\/\/theball.tv\/2018\/wp-content\/uploads\/sites\/12\/2018\/03\/2018-03-25-kick-off-batterea-park-13-16x12.jpg 16w, https:\/\/theball.tv\/2018\/wp-content\/uploads\/sites\/12\/2018\/03\/2018-03-25-kick-off-batterea-park-13-960x720.jpg 960w, https:\/\/theball.tv\/2018\/wp-content\/uploads\/sites\/12\/2018\/03\/2018-03-25-kick-off-batterea-park-13-427x320.jpg 427w, https:\/\/theball.tv\/2018\/wp-content\/uploads\/sites\/12\/2018\/03\/2018-03-25-kick-off-batterea-park-13-640x480.jpg 640w, https:\/\/theball.tv\/2018\/wp-content\/uploads\/sites\/12\/2018\/03\/2018-03-25-kick-off-batterea-park-13-618x464.jpg 618w, https:\/\/theball.tv\/2018\/wp-content\/uploads\/sites\/12\/2018\/03\/2018-03-25-kick-off-batterea-park-13-240x180.jpg 240w, https:\/\/theball.tv\/2018\/wp-content\/uploads\/sites\/12\/2018\/03\/2018-03-25-kick-off-batterea-park-13-980x735.jpg 980w, https:\/\/theball.tv\/2018\/wp-content\/uploads\/sites\/12\/2018\/03\/2018-03-25-kick-off-batterea-park-13-300x225.jpg 300w, https:\/\/theball.tv\/2018\/wp-content\/uploads\/sites\/12\/2018\/03\/2018-03-25-kick-off-batterea-park-13-768x576.jpg 768w, https:\/\/theball.tv\/2018\/wp-content\/uploads\/sites\/12\/2018\/03\/2018-03-25-kick-off-batterea-park-13-1024x768.jpg 1024w, https:\/\/theball.tv\/2018\/wp-content\/uploads\/sites\/12\/2018\/03\/2018-03-25-kick-off-batterea-park-13-400x300.jpg 400w\" width=\"216\" height=\"161\" loading=\"lazy\" data-original-width=\"216\" data-original-height=\"161\" itemprop=\"http:\/\/schema.org\/image\" title=\"2018 03 25 kick off batterea park-13\" alt=\"Der Teamjubel wird einstudiert\" style=\"width: 216px; height: 161px;\" \/> <\/a> <div class=\"tiled-gallery-caption\" itemprop=\"caption description\"> Der Teamjubel wird einstudiert <\/div> <\/div> <\/div> <!-- close group --> <div class=\"gallery-group images-1\" style=\"width: 440px; height: 331px;\" data-original-width=\"440\" data-original-height=\"331\" > <div class=\"tiled-gallery-item tiled-gallery-item-large\" itemprop=\"associatedMedia\" itemscope itemtype=\"http:\/\/schema.org\/ImageObject\"> <a class=\"nolightbox\" class=\"nolightbox\" href=\"https:\/\/spirit-of-football.de\/2018\/03\/26\/fuenfte-ballreise-zur-wm-nach-russland-am-sonntag-im-londoner-battersea-park-gestartet\/2018-03-25-kick-off-batterea-park-14\/\" border=\"0\" itemprop=\"url\"> <meta itemprop=\"width\" content=\"436\"> <meta itemprop=\"height\" content=\"327\"> <img decoding=\"async\" class=\"\" data-attachment-id=\"7334\" data-orig-file=\"https:\/\/theball.tv\/2018\/wp-content\/uploads\/sites\/12\/2018\/03\/2018-03-25-kick-off-batterea-park-14.jpg\" data-orig-size=\"1600,1200\" data-comments-opened=\"\" data-image-meta=\"{&quot;aperture&quot;:&quot;2.4&quot;,&quot;credit&quot;:&quot;&quot;,&quot;camera&quot;:&quot;SM-G965F&quot;,&quot;caption&quot;:&quot;&quot;,&quot;created_timestamp&quot;:&quot;1521974772&quot;,&quot;copyright&quot;:&quot;&quot;,&quot;focal_length&quot;:&quot;4.3&quot;,&quot;iso&quot;:&quot;50&quot;,&quot;shutter_speed&quot;:&quot;0.0036363636363636&quot;,&quot;title&quot;:&quot;&quot;,&quot;orientation&quot;:&quot;1&quot;}\" data-image-title=\"2018 03 25 kick off batterea park-14\" data-image-description=\"\" data-medium-file=\"https:\/\/theball.tv\/2018\/wp-content\/uploads\/sites\/12\/2018\/03\/2018-03-25-kick-off-batterea-park-14-300x225.jpg\" data-large-file=\"https:\/\/theball.tv\/2018\/wp-content\/uploads\/sites\/12\/2018\/03\/2018-03-25-kick-off-batterea-park-14-1024x768.jpg\" src=\"https:\/\/theball.tv\/2018\/wp-content\/uploads\/sites\/12\/2018\/03\/2018-03-25-kick-off-batterea-park-14.jpg\" srcset=\"https:\/\/theball.tv\/2018\/wp-content\/uploads\/sites\/12\/2018\/03\/2018-03-25-kick-off-batterea-park-14.jpg 1600w, https:\/\/theball.tv\/2018\/wp-content\/uploads\/sites\/12\/2018\/03\/2018-03-25-kick-off-batterea-park-14-1536x1152.jpg 1536w, https:\/\/theball.tv\/2018\/wp-content\/uploads\/sites\/12\/2018\/03\/2018-03-25-kick-off-batterea-park-14-16x12.jpg 16w, https:\/\/theball.tv\/2018\/wp-content\/uploads\/sites\/12\/2018\/03\/2018-03-25-kick-off-batterea-park-14-960x720.jpg 960w, https:\/\/theball.tv\/2018\/wp-content\/uploads\/sites\/12\/2018\/03\/2018-03-25-kick-off-batterea-park-14-427x320.jpg 427w, https:\/\/theball.tv\/2018\/wp-content\/uploads\/sites\/12\/2018\/03\/2018-03-25-kick-off-batterea-park-14-640x480.jpg 640w, https:\/\/theball.tv\/2018\/wp-content\/uploads\/sites\/12\/2018\/03\/2018-03-25-kick-off-batterea-park-14-618x464.jpg 618w, https:\/\/theball.tv\/2018\/wp-content\/uploads\/sites\/12\/2018\/03\/2018-03-25-kick-off-batterea-park-14-240x180.jpg 240w, https:\/\/theball.tv\/2018\/wp-content\/uploads\/sites\/12\/2018\/03\/2018-03-25-kick-off-batterea-park-14-980x735.jpg 980w, https:\/\/theball.tv\/2018\/wp-content\/uploads\/sites\/12\/2018\/03\/2018-03-25-kick-off-batterea-park-14-300x225.jpg 300w, https:\/\/theball.tv\/2018\/wp-content\/uploads\/sites\/12\/2018\/03\/2018-03-25-kick-off-batterea-park-14-768x576.jpg 768w, https:\/\/theball.tv\/2018\/wp-content\/uploads\/sites\/12\/2018\/03\/2018-03-25-kick-off-batterea-park-14-1024x768.jpg 1024w, https:\/\/theball.tv\/2018\/wp-content\/uploads\/sites\/12\/2018\/03\/2018-03-25-kick-off-batterea-park-14-400x300.jpg 400w\" width=\"436\" height=\"327\" loading=\"lazy\" data-original-width=\"436\" data-original-height=\"327\" itemprop=\"http:\/\/schema.org\/image\" title=\"2018 03 25 kick off batterea park-14\" alt=\"Team red = extrem cool\" style=\"width: 436px; height: 327px;\" \/> <\/a> <div class=\"tiled-gallery-caption\" itemprop=\"caption description\"> Team red = extrem cool <\/div> <\/div> <\/div> <!-- close group --> <\/div> <!-- close row --> <div class=\"gallery-row\" style=\"width: 660px; height: 400px;\" data-original-width=\"660\" data-original-height=\"400\" > <div class=\"gallery-group images-3\" style=\"width: 183px; height: 400px;\" data-original-width=\"183\" data-original-height=\"400\" > <div class=\"tiled-gallery-item tiled-gallery-item-small\" itemprop=\"associatedMedia\" itemscope itemtype=\"http:\/\/schema.org\/ImageObject\"> <a class=\"nolightbox\" class=\"nolightbox\" href=\"https:\/\/spirit-of-football.de\/2018\/03\/26\/fuenfte-ballreise-zur-wm-nach-russland-am-sonntag-im-londoner-battersea-park-gestartet\/2018-03-25-kick-off-batterea-park-16\/\" border=\"0\" itemprop=\"url\"> <meta itemprop=\"width\" content=\"179\"> <meta itemprop=\"height\" content=\"134\"> <img decoding=\"async\" class=\"\" data-attachment-id=\"7336\" data-orig-file=\"https:\/\/theball.tv\/2018\/wp-content\/uploads\/sites\/12\/2018\/03\/2018-03-25-kick-off-batterea-park-16.jpg\" data-orig-size=\"1600,1200\" data-comments-opened=\"\" data-image-meta=\"{&quot;aperture&quot;:&quot;2.4&quot;,&quot;credit&quot;:&quot;&quot;,&quot;camera&quot;:&quot;SM-G965F&quot;,&quot;caption&quot;:&quot;&quot;,&quot;created_timestamp&quot;:&quot;1521980999&quot;,&quot;copyright&quot;:&quot;&quot;,&quot;focal_length&quot;:&quot;4.3&quot;,&quot;iso&quot;:&quot;50&quot;,&quot;shutter_speed&quot;:&quot;0.0093457943925234&quot;,&quot;title&quot;:&quot;&quot;,&quot;orientation&quot;:&quot;1&quot;}\" data-image-title=\"2018 03 25 kick off batterea park-16\" data-image-description=\"\" data-medium-file=\"https:\/\/theball.tv\/2018\/wp-content\/uploads\/sites\/12\/2018\/03\/2018-03-25-kick-off-batterea-park-16-300x225.jpg\" data-large-file=\"https:\/\/theball.tv\/2018\/wp-content\/uploads\/sites\/12\/2018\/03\/2018-03-25-kick-off-batterea-park-16-1024x768.jpg\" src=\"https:\/\/theball.tv\/2018\/wp-content\/uploads\/sites\/12\/2018\/03\/2018-03-25-kick-off-batterea-park-16.jpg\" srcset=\"https:\/\/theball.tv\/2018\/wp-content\/uploads\/sites\/12\/2018\/03\/2018-03-25-kick-off-batterea-park-16.jpg 1600w, https:\/\/theball.tv\/2018\/wp-content\/uploads\/sites\/12\/2018\/03\/2018-03-25-kick-off-batterea-park-16-1536x1152.jpg 1536w, https:\/\/theball.tv\/2018\/wp-content\/uploads\/sites\/12\/2018\/03\/2018-03-25-kick-off-batterea-park-16-16x12.jpg 16w, https:\/\/theball.tv\/2018\/wp-content\/uploads\/sites\/12\/2018\/03\/2018-03-25-kick-off-batterea-park-16-960x720.jpg 960w, https:\/\/theball.tv\/2018\/wp-content\/uploads\/sites\/12\/2018\/03\/2018-03-25-kick-off-batterea-park-16-427x320.jpg 427w, https:\/\/theball.tv\/2018\/wp-content\/uploads\/sites\/12\/2018\/03\/2018-03-25-kick-off-batterea-park-16-640x480.jpg 640w, https:\/\/theball.tv\/2018\/wp-content\/uploads\/sites\/12\/2018\/03\/2018-03-25-kick-off-batterea-park-16-618x464.jpg 618w, https:\/\/theball.tv\/2018\/wp-content\/uploads\/sites\/12\/2018\/03\/2018-03-25-kick-off-batterea-park-16-240x180.jpg 240w, https:\/\/theball.tv\/2018\/wp-content\/uploads\/sites\/12\/2018\/03\/2018-03-25-kick-off-batterea-park-16-980x735.jpg 980w, https:\/\/theball.tv\/2018\/wp-content\/uploads\/sites\/12\/2018\/03\/2018-03-25-kick-off-batterea-park-16-300x225.jpg 300w, https:\/\/theball.tv\/2018\/wp-content\/uploads\/sites\/12\/2018\/03\/2018-03-25-kick-off-batterea-park-16-768x576.jpg 768w, https:\/\/theball.tv\/2018\/wp-content\/uploads\/sites\/12\/2018\/03\/2018-03-25-kick-off-batterea-park-16-1024x768.jpg 1024w, https:\/\/theball.tv\/2018\/wp-content\/uploads\/sites\/12\/2018\/03\/2018-03-25-kick-off-batterea-park-16-400x300.jpg 400w\" width=\"179\" height=\"134\" loading=\"lazy\" data-original-width=\"179\" data-original-height=\"134\" itemprop=\"http:\/\/schema.org\/image\" title=\"2018 03 25 kick off batterea park-16\" alt=\"Thumbs up for The Ball\" style=\"width: 179px; height: 134px;\" \/> <\/a> <div class=\"tiled-gallery-caption\" itemprop=\"caption description\"> Thumbs up for The Ball <\/div> <\/div> <div class=\"tiled-gallery-item tiled-gallery-item-small\" itemprop=\"associatedMedia\" itemscope itemtype=\"http:\/\/schema.org\/ImageObject\"> <a class=\"nolightbox\" class=\"nolightbox\" href=\"https:\/\/spirit-of-football.de\/2018\/03\/26\/fuenfte-ballreise-zur-wm-nach-russland-am-sonntag-im-londoner-battersea-park-gestartet\/2018-03-25-kick-off-batterea-park-36\/\" border=\"0\" itemprop=\"url\"> <meta itemprop=\"width\" content=\"179\"> <meta itemprop=\"height\" content=\"120\"> <img decoding=\"async\" class=\"\" data-attachment-id=\"7356\" data-orig-file=\"https:\/\/theball.tv\/2018\/wp-content\/uploads\/sites\/12\/2018\/03\/2018-03-25-kick-off-batterea-park-36.jpg\" data-orig-size=\"1600,1066\" data-comments-opened=\"\" data-image-meta=\"{&quot;aperture&quot;:&quot;5.6&quot;,&quot;credit&quot;:&quot;&quot;,&quot;camera&quot;:&quot;ILCA-77M2&quot;,&quot;caption&quot;:&quot;&quot;,&quot;created_timestamp&quot;:&quot;1388857230&quot;,&quot;copyright&quot;:&quot;&quot;,&quot;focal_length&quot;:&quot;18&quot;,&quot;iso&quot;:&quot;640&quot;,&quot;shutter_speed&quot;:&quot;0.0025&quot;,&quot;title&quot;:&quot;&quot;,&quot;orientation&quot;:&quot;0&quot;}\" data-image-title=\"2018 03 25 kick off batterea park-36\" data-image-description=\"\" data-medium-file=\"https:\/\/theball.tv\/2018\/wp-content\/uploads\/sites\/12\/2018\/03\/2018-03-25-kick-off-batterea-park-36-300x200.jpg\" data-large-file=\"https:\/\/theball.tv\/2018\/wp-content\/uploads\/sites\/12\/2018\/03\/2018-03-25-kick-off-batterea-park-36-1024x682.jpg\" src=\"https:\/\/theball.tv\/2018\/wp-content\/uploads\/sites\/12\/2018\/03\/2018-03-25-kick-off-batterea-park-36.jpg\" srcset=\"https:\/\/theball.tv\/2018\/wp-content\/uploads\/sites\/12\/2018\/03\/2018-03-25-kick-off-batterea-park-36.jpg 1600w, https:\/\/theball.tv\/2018\/wp-content\/uploads\/sites\/12\/2018\/03\/2018-03-25-kick-off-batterea-park-36-1536x1023.jpg 1536w, https:\/\/theball.tv\/2018\/wp-content\/uploads\/sites\/12\/2018\/03\/2018-03-25-kick-off-batterea-park-36-18x12.jpg 18w, https:\/\/theball.tv\/2018\/wp-content\/uploads\/sites\/12\/2018\/03\/2018-03-25-kick-off-batterea-park-36-1081x720.jpg 1081w, https:\/\/theball.tv\/2018\/wp-content\/uploads\/sites\/12\/2018\/03\/2018-03-25-kick-off-batterea-park-36-480x320.jpg 480w, https:\/\/theball.tv\/2018\/wp-content\/uploads\/sites\/12\/2018\/03\/2018-03-25-kick-off-batterea-park-36-640x426.jpg 640w, https:\/\/theball.tv\/2018\/wp-content\/uploads\/sites\/12\/2018\/03\/2018-03-25-kick-off-batterea-park-36-618x412.jpg 618w, https:\/\/theball.tv\/2018\/wp-content\/uploads\/sites\/12\/2018\/03\/2018-03-25-kick-off-batterea-park-36-240x160.jpg 240w, https:\/\/theball.tv\/2018\/wp-content\/uploads\/sites\/12\/2018\/03\/2018-03-25-kick-off-batterea-park-36-980x653.jpg 980w, https:\/\/theball.tv\/2018\/wp-content\/uploads\/sites\/12\/2018\/03\/2018-03-25-kick-off-batterea-park-36-300x200.jpg 300w, https:\/\/theball.tv\/2018\/wp-content\/uploads\/sites\/12\/2018\/03\/2018-03-25-kick-off-batterea-park-36-768x512.jpg 768w, https:\/\/theball.tv\/2018\/wp-content\/uploads\/sites\/12\/2018\/03\/2018-03-25-kick-off-batterea-park-36-1024x682.jpg 1024w, https:\/\/theball.tv\/2018\/wp-content\/uploads\/sites\/12\/2018\/03\/2018-03-25-kick-off-batterea-park-36-450x300.jpg 450w\" width=\"179\" height=\"120\" loading=\"lazy\" data-original-width=\"179\" data-original-height=\"120\" itemprop=\"http:\/\/schema.org\/image\" title=\"2018 03 25 kick off batterea park-36\" alt=\"Der historische Moment: Sven Soederberg bringt The Ball 2018 ins Rollen\" style=\"width: 179px; height: 120px;\" \/> <\/a> <div class=\"tiled-gallery-caption\" itemprop=\"caption description\"> Der historische Moment: Sven Soederberg bringt The Ball 2018 ins Rollen <\/div> <\/div> <div class=\"tiled-gallery-item tiled-gallery-item-small\" itemprop=\"associatedMedia\" itemscope itemtype=\"http:\/\/schema.org\/ImageObject\"> <a class=\"nolightbox\" class=\"nolightbox\" href=\"https:\/\/spirit-of-football.de\/2018\/03\/26\/fuenfte-ballreise-zur-wm-nach-russland-am-sonntag-im-londoner-battersea-park-gestartet\/2018-03-25-kick-off-batterea-park-17\/\" border=\"0\" itemprop=\"url\"> <meta itemprop=\"width\" content=\"179\"> <meta itemprop=\"height\" content=\"134\"> <img decoding=\"async\" class=\"\" data-attachment-id=\"7337\" data-orig-file=\"https:\/\/theball.tv\/2018\/wp-content\/uploads\/sites\/12\/2018\/03\/2018-03-25-kick-off-batterea-park-17.jpg\" data-orig-size=\"1600,1200\" data-comments-opened=\"\" data-image-meta=\"{&quot;aperture&quot;:&quot;2.4&quot;,&quot;credit&quot;:&quot;&quot;,&quot;camera&quot;:&quot;SM-G965F&quot;,&quot;caption&quot;:&quot;&quot;,&quot;created_timestamp&quot;:&quot;1521981858&quot;,&quot;copyright&quot;:&quot;&quot;,&quot;focal_length&quot;:&quot;4.3&quot;,&quot;iso&quot;:&quot;50&quot;,&quot;shutter_speed&quot;:&quot;0.0028409090909091&quot;,&quot;title&quot;:&quot;&quot;,&quot;orientation&quot;:&quot;1&quot;}\" data-image-title=\"2018 03 25 kick off batterea park-17\" data-image-description=\"\" data-medium-file=\"https:\/\/theball.tv\/2018\/wp-content\/uploads\/sites\/12\/2018\/03\/2018-03-25-kick-off-batterea-park-17-300x225.jpg\" data-large-file=\"https:\/\/theball.tv\/2018\/wp-content\/uploads\/sites\/12\/2018\/03\/2018-03-25-kick-off-batterea-park-17-1024x768.jpg\" src=\"https:\/\/theball.tv\/2018\/wp-content\/uploads\/sites\/12\/2018\/03\/2018-03-25-kick-off-batterea-park-17.jpg\" srcset=\"https:\/\/theball.tv\/2018\/wp-content\/uploads\/sites\/12\/2018\/03\/2018-03-25-kick-off-batterea-park-17.jpg 1600w, https:\/\/theball.tv\/2018\/wp-content\/uploads\/sites\/12\/2018\/03\/2018-03-25-kick-off-batterea-park-17-1536x1152.jpg 1536w, https:\/\/theball.tv\/2018\/wp-content\/uploads\/sites\/12\/2018\/03\/2018-03-25-kick-off-batterea-park-17-16x12.jpg 16w, https:\/\/theball.tv\/2018\/wp-content\/uploads\/sites\/12\/2018\/03\/2018-03-25-kick-off-batterea-park-17-960x720.jpg 960w, https:\/\/theball.tv\/2018\/wp-content\/uploads\/sites\/12\/2018\/03\/2018-03-25-kick-off-batterea-park-17-427x320.jpg 427w, https:\/\/theball.tv\/2018\/wp-content\/uploads\/sites\/12\/2018\/03\/2018-03-25-kick-off-batterea-park-17-640x480.jpg 640w, https:\/\/theball.tv\/2018\/wp-content\/uploads\/sites\/12\/2018\/03\/2018-03-25-kick-off-batterea-park-17-618x464.jpg 618w, https:\/\/theball.tv\/2018\/wp-content\/uploads\/sites\/12\/2018\/03\/2018-03-25-kick-off-batterea-park-17-240x180.jpg 240w, https:\/\/theball.tv\/2018\/wp-content\/uploads\/sites\/12\/2018\/03\/2018-03-25-kick-off-batterea-park-17-980x735.jpg 980w, https:\/\/theball.tv\/2018\/wp-content\/uploads\/sites\/12\/2018\/03\/2018-03-25-kick-off-batterea-park-17-300x225.jpg 300w, https:\/\/theball.tv\/2018\/wp-content\/uploads\/sites\/12\/2018\/03\/2018-03-25-kick-off-batterea-park-17-768x576.jpg 768w, https:\/\/theball.tv\/2018\/wp-content\/uploads\/sites\/12\/2018\/03\/2018-03-25-kick-off-batterea-park-17-1024x768.jpg 1024w, https:\/\/theball.tv\/2018\/wp-content\/uploads\/sites\/12\/2018\/03\/2018-03-25-kick-off-batterea-park-17-400x300.jpg 400w\" width=\"179\" height=\"134\" loading=\"lazy\" data-original-width=\"179\" data-original-height=\"134\" itemprop=\"http:\/\/schema.org\/image\" title=\"2018 03 25 kick off batterea park-17\" alt=\"Das erste Spiel mit The Ball\" style=\"width: 179px; height: 134px;\" \/> <\/a> <div class=\"tiled-gallery-caption\" itemprop=\"caption description\"> Das erste Spiel mit The Ball <\/div> <\/div> <\/div> <!-- close group --> <div class=\"gallery-group images-1\" style=\"width: 301px; height: 400px;\" data-original-width=\"301\" data-original-height=\"400\" > <div class=\"tiled-gallery-item tiled-gallery-item-large\" itemprop=\"associatedMedia\" itemscope itemtype=\"http:\/\/schema.org\/ImageObject\"> <a class=\"nolightbox\" class=\"nolightbox\" href=\"https:\/\/spirit-of-football.de\/2018\/03\/26\/fuenfte-ballreise-zur-wm-nach-russland-am-sonntag-im-londoner-battersea-park-gestartet\/2018-03-25-kick-off-batterea-park-18\/\" border=\"0\" itemprop=\"url\"> <meta itemprop=\"width\" content=\"297\"> <meta itemprop=\"height\" content=\"396\"> <img decoding=\"async\" class=\"\" data-attachment-id=\"7338\" data-orig-file=\"https:\/\/theball.tv\/2018\/wp-content\/uploads\/sites\/12\/2018\/03\/2018-03-25-kick-off-batterea-park-18.jpg\" data-orig-size=\"1200,1600\" data-comments-opened=\"\" data-image-meta=\"{&quot;aperture&quot;:&quot;2.4&quot;,&quot;credit&quot;:&quot;&quot;,&quot;camera&quot;:&quot;SM-G965F&quot;,&quot;caption&quot;:&quot;&quot;,&quot;created_timestamp&quot;:&quot;1521981884&quot;,&quot;copyright&quot;:&quot;&quot;,&quot;focal_length&quot;:&quot;4.3&quot;,&quot;iso&quot;:&quot;50&quot;,&quot;shutter_speed&quot;:&quot;0.0026666666666667&quot;,&quot;title&quot;:&quot;&quot;,&quot;orientation&quot;:&quot;1&quot;}\" data-image-title=\"2018 03 25 kick off batterea park-18\" data-image-description=\"\" data-medium-file=\"https:\/\/theball.tv\/2018\/wp-content\/uploads\/sites\/12\/2018\/03\/2018-03-25-kick-off-batterea-park-18-225x300.jpg\" data-large-file=\"https:\/\/theball.tv\/2018\/wp-content\/uploads\/sites\/12\/2018\/03\/2018-03-25-kick-off-batterea-park-18-768x1024.jpg\" src=\"https:\/\/theball.tv\/2018\/wp-content\/uploads\/sites\/12\/2018\/03\/2018-03-25-kick-off-batterea-park-18.jpg\" srcset=\"https:\/\/theball.tv\/2018\/wp-content\/uploads\/sites\/12\/2018\/03\/2018-03-25-kick-off-batterea-park-18.jpg 1200w, https:\/\/theball.tv\/2018\/wp-content\/uploads\/sites\/12\/2018\/03\/2018-03-25-kick-off-batterea-park-18-1152x1536.jpg 1152w, https:\/\/theball.tv\/2018\/wp-content\/uploads\/sites\/12\/2018\/03\/2018-03-25-kick-off-batterea-park-18-9x12.jpg 9w, https:\/\/theball.tv\/2018\/wp-content\/uploads\/sites\/12\/2018\/03\/2018-03-25-kick-off-batterea-park-18-540x720.jpg 540w, https:\/\/theball.tv\/2018\/wp-content\/uploads\/sites\/12\/2018\/03\/2018-03-25-kick-off-batterea-park-18-240x320.jpg 240w, https:\/\/theball.tv\/2018\/wp-content\/uploads\/sites\/12\/2018\/03\/2018-03-25-kick-off-batterea-park-18-480x640.jpg 480w, https:\/\/theball.tv\/2018\/wp-content\/uploads\/sites\/12\/2018\/03\/2018-03-25-kick-off-batterea-park-18-464x618.jpg 464w, https:\/\/theball.tv\/2018\/wp-content\/uploads\/sites\/12\/2018\/03\/2018-03-25-kick-off-batterea-park-18-180x240.jpg 180w, https:\/\/theball.tv\/2018\/wp-content\/uploads\/sites\/12\/2018\/03\/2018-03-25-kick-off-batterea-park-18-735x980.jpg 735w, https:\/\/theball.tv\/2018\/wp-content\/uploads\/sites\/12\/2018\/03\/2018-03-25-kick-off-batterea-park-18-225x300.jpg 225w, https:\/\/theball.tv\/2018\/wp-content\/uploads\/sites\/12\/2018\/03\/2018-03-25-kick-off-batterea-park-18-768x1024.jpg 768w\" width=\"297\" height=\"396\" loading=\"lazy\" data-original-width=\"297\" data-original-height=\"396\" itemprop=\"http:\/\/schema.org\/image\" title=\"2018 03 25 kick off batterea park-18\" alt=\"Wie es sich f\u00fcr alle fairen AthletInnen geh\u00f6rt: shake hands before the game\" style=\"width: 297px; height: 396px;\" \/> <\/a> <div class=\"tiled-gallery-caption\" itemprop=\"caption description\"> Wie es sich f\u00fcr alle fairen AthletInnen geh\u00f6rt: shake hands before the game <\/div> <\/div> <\/div> <!-- close group --> <div class=\"gallery-group images-3\" style=\"width: 176px; height: 400px;\" data-original-width=\"176\" data-original-height=\"400\" > <div class=\"tiled-gallery-item tiled-gallery-item-small\" itemprop=\"associatedMedia\" itemscope itemtype=\"http:\/\/schema.org\/ImageObject\"> <a class=\"nolightbox\" class=\"nolightbox\" href=\"https:\/\/spirit-of-football.de\/2018\/03\/26\/fuenfte-ballreise-zur-wm-nach-russland-am-sonntag-im-londoner-battersea-park-gestartet\/2018-03-25-kick-off-batterea-park-19\/\" border=\"0\" itemprop=\"url\"> <meta itemprop=\"width\" content=\"172\"> <meta itemprop=\"height\" content=\"130\"> <img decoding=\"async\" class=\"\" data-attachment-id=\"7339\" data-orig-file=\"https:\/\/theball.tv\/2018\/wp-content\/uploads\/sites\/12\/2018\/03\/2018-03-25-kick-off-batterea-park-19.jpg\" data-orig-size=\"1600,1200\" data-comments-opened=\"\" data-image-meta=\"{&quot;aperture&quot;:&quot;2.4&quot;,&quot;credit&quot;:&quot;&quot;,&quot;camera&quot;:&quot;SM-G965F&quot;,&quot;caption&quot;:&quot;&quot;,&quot;created_timestamp&quot;:&quot;1521981977&quot;,&quot;copyright&quot;:&quot;&quot;,&quot;focal_length&quot;:&quot;4.3&quot;,&quot;iso&quot;:&quot;50&quot;,&quot;shutter_speed&quot;:&quot;0.0054347826086957&quot;,&quot;title&quot;:&quot;&quot;,&quot;orientation&quot;:&quot;1&quot;}\" data-image-title=\"2018 03 25 kick off batterea park-19\" data-image-description=\"\" data-medium-file=\"https:\/\/theball.tv\/2018\/wp-content\/uploads\/sites\/12\/2018\/03\/2018-03-25-kick-off-batterea-park-19-300x225.jpg\" data-large-file=\"https:\/\/theball.tv\/2018\/wp-content\/uploads\/sites\/12\/2018\/03\/2018-03-25-kick-off-batterea-park-19-1024x768.jpg\" src=\"https:\/\/theball.tv\/2018\/wp-content\/uploads\/sites\/12\/2018\/03\/2018-03-25-kick-off-batterea-park-19.jpg\" srcset=\"https:\/\/theball.tv\/2018\/wp-content\/uploads\/sites\/12\/2018\/03\/2018-03-25-kick-off-batterea-park-19.jpg 1600w, https:\/\/theball.tv\/2018\/wp-content\/uploads\/sites\/12\/2018\/03\/2018-03-25-kick-off-batterea-park-19-1536x1152.jpg 1536w, https:\/\/theball.tv\/2018\/wp-content\/uploads\/sites\/12\/2018\/03\/2018-03-25-kick-off-batterea-park-19-16x12.jpg 16w, https:\/\/theball.tv\/2018\/wp-content\/uploads\/sites\/12\/2018\/03\/2018-03-25-kick-off-batterea-park-19-960x720.jpg 960w, https:\/\/theball.tv\/2018\/wp-content\/uploads\/sites\/12\/2018\/03\/2018-03-25-kick-off-batterea-park-19-427x320.jpg 427w, https:\/\/theball.tv\/2018\/wp-content\/uploads\/sites\/12\/2018\/03\/2018-03-25-kick-off-batterea-park-19-640x480.jpg 640w, https:\/\/theball.tv\/2018\/wp-content\/uploads\/sites\/12\/2018\/03\/2018-03-25-kick-off-batterea-park-19-618x464.jpg 618w, https:\/\/theball.tv\/2018\/wp-content\/uploads\/sites\/12\/2018\/03\/2018-03-25-kick-off-batterea-park-19-240x180.jpg 240w, https:\/\/theball.tv\/2018\/wp-content\/uploads\/sites\/12\/2018\/03\/2018-03-25-kick-off-batterea-park-19-980x735.jpg 980w, https:\/\/theball.tv\/2018\/wp-content\/uploads\/sites\/12\/2018\/03\/2018-03-25-kick-off-batterea-park-19-300x225.jpg 300w, https:\/\/theball.tv\/2018\/wp-content\/uploads\/sites\/12\/2018\/03\/2018-03-25-kick-off-batterea-park-19-768x576.jpg 768w, https:\/\/theball.tv\/2018\/wp-content\/uploads\/sites\/12\/2018\/03\/2018-03-25-kick-off-batterea-park-19-1024x768.jpg 1024w, https:\/\/theball.tv\/2018\/wp-content\/uploads\/sites\/12\/2018\/03\/2018-03-25-kick-off-batterea-park-19-210x160.jpg 210w, https:\/\/theball.tv\/2018\/wp-content\/uploads\/sites\/12\/2018\/03\/2018-03-25-kick-off-batterea-park-19-400x300.jpg 400w\" width=\"172\" height=\"130\" loading=\"lazy\" data-original-width=\"172\" data-original-height=\"130\" itemprop=\"http:\/\/schema.org\/image\" title=\"2018 03 25 kick off batterea park-19\" alt=\"Die ZauscherInnen sorgen f\u00fcr gute Stimmung\" style=\"width: 172px; height: 130px;\" \/> <\/a> <div class=\"tiled-gallery-caption\" itemprop=\"caption description\"> Die ZauscherInnen sorgen f\u00fcr gute Stimmung <\/div> <\/div> <div class=\"tiled-gallery-item tiled-gallery-item-small\" itemprop=\"associatedMedia\" itemscope itemtype=\"http:\/\/schema.org\/ImageObject\"> <a class=\"nolightbox\" class=\"nolightbox\" href=\"https:\/\/spirit-of-football.de\/2018\/03\/26\/fuenfte-ballreise-zur-wm-nach-russland-am-sonntag-im-londoner-battersea-park-gestartet\/2018-03-25-kick-off-batterea-park-20\/\" border=\"0\" itemprop=\"url\"> <meta itemprop=\"width\" content=\"172\"> <meta itemprop=\"height\" content=\"129\"> <img decoding=\"async\" class=\"\" data-attachment-id=\"7340\" data-orig-file=\"https:\/\/theball.tv\/2018\/wp-content\/uploads\/sites\/12\/2018\/03\/2018-03-25-kick-off-batterea-park-20.jpg\" data-orig-size=\"1600,1200\" data-comments-opened=\"\" data-image-meta=\"{&quot;aperture&quot;:&quot;2.4&quot;,&quot;credit&quot;:&quot;&quot;,&quot;camera&quot;:&quot;SM-G965F&quot;,&quot;caption&quot;:&quot;&quot;,&quot;created_timestamp&quot;:&quot;1521982094&quot;,&quot;copyright&quot;:&quot;&quot;,&quot;focal_length&quot;:&quot;4.3&quot;,&quot;iso&quot;:&quot;50&quot;,&quot;shutter_speed&quot;:&quot;0.0033333333333333&quot;,&quot;title&quot;:&quot;&quot;,&quot;orientation&quot;:&quot;1&quot;}\" data-image-title=\"2018 03 25 kick off batterea park-20\" data-image-description=\"\" data-medium-file=\"https:\/\/theball.tv\/2018\/wp-content\/uploads\/sites\/12\/2018\/03\/2018-03-25-kick-off-batterea-park-20-300x225.jpg\" data-large-file=\"https:\/\/theball.tv\/2018\/wp-content\/uploads\/sites\/12\/2018\/03\/2018-03-25-kick-off-batterea-park-20-1024x768.jpg\" src=\"https:\/\/theball.tv\/2018\/wp-content\/uploads\/sites\/12\/2018\/03\/2018-03-25-kick-off-batterea-park-20.jpg\" srcset=\"https:\/\/theball.tv\/2018\/wp-content\/uploads\/sites\/12\/2018\/03\/2018-03-25-kick-off-batterea-park-20.jpg 1600w, https:\/\/theball.tv\/2018\/wp-content\/uploads\/sites\/12\/2018\/03\/2018-03-25-kick-off-batterea-park-20-1536x1152.jpg 1536w, https:\/\/theball.tv\/2018\/wp-content\/uploads\/sites\/12\/2018\/03\/2018-03-25-kick-off-batterea-park-20-16x12.jpg 16w, https:\/\/theball.tv\/2018\/wp-content\/uploads\/sites\/12\/2018\/03\/2018-03-25-kick-off-batterea-park-20-960x720.jpg 960w, https:\/\/theball.tv\/2018\/wp-content\/uploads\/sites\/12\/2018\/03\/2018-03-25-kick-off-batterea-park-20-427x320.jpg 427w, https:\/\/theball.tv\/2018\/wp-content\/uploads\/sites\/12\/2018\/03\/2018-03-25-kick-off-batterea-park-20-640x480.jpg 640w, https:\/\/theball.tv\/2018\/wp-content\/uploads\/sites\/12\/2018\/03\/2018-03-25-kick-off-batterea-park-20-618x464.jpg 618w, https:\/\/theball.tv\/2018\/wp-content\/uploads\/sites\/12\/2018\/03\/2018-03-25-kick-off-batterea-park-20-240x180.jpg 240w, https:\/\/theball.tv\/2018\/wp-content\/uploads\/sites\/12\/2018\/03\/2018-03-25-kick-off-batterea-park-20-980x735.jpg 980w, https:\/\/theball.tv\/2018\/wp-content\/uploads\/sites\/12\/2018\/03\/2018-03-25-kick-off-batterea-park-20-300x225.jpg 300w, https:\/\/theball.tv\/2018\/wp-content\/uploads\/sites\/12\/2018\/03\/2018-03-25-kick-off-batterea-park-20-768x576.jpg 768w, https:\/\/theball.tv\/2018\/wp-content\/uploads\/sites\/12\/2018\/03\/2018-03-25-kick-off-batterea-park-20-1024x768.jpg 1024w, https:\/\/theball.tv\/2018\/wp-content\/uploads\/sites\/12\/2018\/03\/2018-03-25-kick-off-batterea-park-20-400x300.jpg 400w\" width=\"172\" height=\"129\" loading=\"lazy\" data-original-width=\"172\" data-original-height=\"129\" itemprop=\"http:\/\/schema.org\/image\" title=\"2018 03 25 kick off batterea park-20\" alt=\"Trotz eines hektischen Spieles, bleibt Zeit f\u00fcr ein kleines Intervierw\" style=\"width: 172px; height: 129px;\" \/> <\/a> <div class=\"tiled-gallery-caption\" itemprop=\"caption description\"> Trotz eines hektischen Spieles, bleibt Zeit f\u00fcr ein kleines Intervierw <\/div> <\/div> <div class=\"tiled-gallery-item tiled-gallery-item-small\" itemprop=\"associatedMedia\" itemscope itemtype=\"http:\/\/schema.org\/ImageObject\"> <a class=\"nolightbox\" class=\"nolightbox\" href=\"https:\/\/spirit-of-football.de\/2018\/03\/26\/fuenfte-ballreise-zur-wm-nach-russland-am-sonntag-im-londoner-battersea-park-gestartet\/2018-03-25-kick-off-batterea-park-21\/\" border=\"0\" itemprop=\"url\"> <meta itemprop=\"width\" content=\"172\"> <meta itemprop=\"height\" content=\"129\"> <img decoding=\"async\" class=\"\" data-attachment-id=\"7341\" data-orig-file=\"https:\/\/theball.tv\/2018\/wp-content\/uploads\/sites\/12\/2018\/03\/2018-03-25-kick-off-batterea-park-21.jpg\" data-orig-size=\"1600,1200\" data-comments-opened=\"\" data-image-meta=\"{&quot;aperture&quot;:&quot;2.4&quot;,&quot;credit&quot;:&quot;&quot;,&quot;camera&quot;:&quot;SM-G965F&quot;,&quot;caption&quot;:&quot;&quot;,&quot;created_timestamp&quot;:&quot;1521982149&quot;,&quot;copyright&quot;:&quot;&quot;,&quot;focal_length&quot;:&quot;4.3&quot;,&quot;iso&quot;:&quot;50&quot;,&quot;shutter_speed&quot;:&quot;0.0031545741324921&quot;,&quot;title&quot;:&quot;&quot;,&quot;orientation&quot;:&quot;1&quot;}\" data-image-title=\"2018 03 25 kick off batterea park-21\" data-image-description=\"\" data-medium-file=\"https:\/\/theball.tv\/2018\/wp-content\/uploads\/sites\/12\/2018\/03\/2018-03-25-kick-off-batterea-park-21-300x225.jpg\" data-large-file=\"https:\/\/theball.tv\/2018\/wp-content\/uploads\/sites\/12\/2018\/03\/2018-03-25-kick-off-batterea-park-21-1024x768.jpg\" src=\"https:\/\/theball.tv\/2018\/wp-content\/uploads\/sites\/12\/2018\/03\/2018-03-25-kick-off-batterea-park-21.jpg\" srcset=\"https:\/\/theball.tv\/2018\/wp-content\/uploads\/sites\/12\/2018\/03\/2018-03-25-kick-off-batterea-park-21.jpg 1600w, https:\/\/theball.tv\/2018\/wp-content\/uploads\/sites\/12\/2018\/03\/2018-03-25-kick-off-batterea-park-21-1536x1152.jpg 1536w, https:\/\/theball.tv\/2018\/wp-content\/uploads\/sites\/12\/2018\/03\/2018-03-25-kick-off-batterea-park-21-16x12.jpg 16w, https:\/\/theball.tv\/2018\/wp-content\/uploads\/sites\/12\/2018\/03\/2018-03-25-kick-off-batterea-park-21-960x720.jpg 960w, https:\/\/theball.tv\/2018\/wp-content\/uploads\/sites\/12\/2018\/03\/2018-03-25-kick-off-batterea-park-21-427x320.jpg 427w, https:\/\/theball.tv\/2018\/wp-content\/uploads\/sites\/12\/2018\/03\/2018-03-25-kick-off-batterea-park-21-640x480.jpg 640w, https:\/\/theball.tv\/2018\/wp-content\/uploads\/sites\/12\/2018\/03\/2018-03-25-kick-off-batterea-park-21-618x464.jpg 618w, https:\/\/theball.tv\/2018\/wp-content\/uploads\/sites\/12\/2018\/03\/2018-03-25-kick-off-batterea-park-21-240x180.jpg 240w, https:\/\/theball.tv\/2018\/wp-content\/uploads\/sites\/12\/2018\/03\/2018-03-25-kick-off-batterea-park-21-980x735.jpg 980w, https:\/\/theball.tv\/2018\/wp-content\/uploads\/sites\/12\/2018\/03\/2018-03-25-kick-off-batterea-park-21-300x225.jpg 300w, https:\/\/theball.tv\/2018\/wp-content\/uploads\/sites\/12\/2018\/03\/2018-03-25-kick-off-batterea-park-21-768x576.jpg 768w, https:\/\/theball.tv\/2018\/wp-content\/uploads\/sites\/12\/2018\/03\/2018-03-25-kick-off-batterea-park-21-1024x768.jpg 1024w, https:\/\/theball.tv\/2018\/wp-content\/uploads\/sites\/12\/2018\/03\/2018-03-25-kick-off-batterea-park-21-400x300.jpg 400w\" width=\"172\" height=\"129\" loading=\"lazy\" data-original-width=\"172\" data-original-height=\"129\" itemprop=\"http:\/\/schema.org\/image\" title=\"2018 03 25 kick off batterea park-21\" alt=\"Robert Pohlig mit perfekter Schusshaltung anno 1864\" style=\"width: 172px; height: 129px;\" \/> <\/a> <div class=\"tiled-gallery-caption\" itemprop=\"caption description\"> Robert Pohlig mit perfekter Schusshaltung anno 1864 <\/div> <\/div> <\/div> <!-- close group --> <\/div> <!-- close row --> <div class=\"gallery-row\" style=\"width: 660px; height: 553px;\" data-original-width=\"660\" data-original-height=\"553\" > <div class=\"gallery-group images-1\" style=\"width: 416px; height: 553px;\" data-original-width=\"416\" data-original-height=\"553\" > <div class=\"tiled-gallery-item tiled-gallery-item-large\" itemprop=\"associatedMedia\" itemscope itemtype=\"http:\/\/schema.org\/ImageObject\"> <a class=\"nolightbox\" class=\"nolightbox\" href=\"https:\/\/spirit-of-football.de\/2018\/03\/26\/fuenfte-ballreise-zur-wm-nach-russland-am-sonntag-im-londoner-battersea-park-gestartet\/2018-03-25-kick-off-batterea-park-22\/\" border=\"0\" itemprop=\"url\"> <meta itemprop=\"width\" content=\"412\"> <meta itemprop=\"height\" content=\"549\"> <img decoding=\"async\" class=\"\" data-attachment-id=\"7342\" data-orig-file=\"https:\/\/theball.tv\/2018\/wp-content\/uploads\/sites\/12\/2018\/03\/2018-03-25-kick-off-batterea-park-22.jpg\" data-orig-size=\"1200,1600\" data-comments-opened=\"\" data-image-meta=\"{&quot;aperture&quot;:&quot;2.4&quot;,&quot;credit&quot;:&quot;&quot;,&quot;camera&quot;:&quot;SM-G965F&quot;,&quot;caption&quot;:&quot;&quot;,&quot;created_timestamp&quot;:&quot;1521982215&quot;,&quot;copyright&quot;:&quot;&quot;,&quot;focal_length&quot;:&quot;4.3&quot;,&quot;iso&quot;:&quot;50&quot;,&quot;shutter_speed&quot;:&quot;0.0035087719298246&quot;,&quot;title&quot;:&quot;&quot;,&quot;orientation&quot;:&quot;1&quot;}\" data-image-title=\"2018 03 25 kick off batterea park-22\" data-image-description=\"\" data-medium-file=\"https:\/\/theball.tv\/2018\/wp-content\/uploads\/sites\/12\/2018\/03\/2018-03-25-kick-off-batterea-park-22-225x300.jpg\" data-large-file=\"https:\/\/theball.tv\/2018\/wp-content\/uploads\/sites\/12\/2018\/03\/2018-03-25-kick-off-batterea-park-22-768x1024.jpg\" src=\"https:\/\/theball.tv\/2018\/wp-content\/uploads\/sites\/12\/2018\/03\/2018-03-25-kick-off-batterea-park-22.jpg\" srcset=\"https:\/\/theball.tv\/2018\/wp-content\/uploads\/sites\/12\/2018\/03\/2018-03-25-kick-off-batterea-park-22.jpg 1200w, https:\/\/theball.tv\/2018\/wp-content\/uploads\/sites\/12\/2018\/03\/2018-03-25-kick-off-batterea-park-22-1152x1536.jpg 1152w, https:\/\/theball.tv\/2018\/wp-content\/uploads\/sites\/12\/2018\/03\/2018-03-25-kick-off-batterea-park-22-9x12.jpg 9w, https:\/\/theball.tv\/2018\/wp-content\/uploads\/sites\/12\/2018\/03\/2018-03-25-kick-off-batterea-park-22-540x720.jpg 540w, https:\/\/theball.tv\/2018\/wp-content\/uploads\/sites\/12\/2018\/03\/2018-03-25-kick-off-batterea-park-22-240x320.jpg 240w, https:\/\/theball.tv\/2018\/wp-content\/uploads\/sites\/12\/2018\/03\/2018-03-25-kick-off-batterea-park-22-480x640.jpg 480w, https:\/\/theball.tv\/2018\/wp-content\/uploads\/sites\/12\/2018\/03\/2018-03-25-kick-off-batterea-park-22-464x618.jpg 464w, https:\/\/theball.tv\/2018\/wp-content\/uploads\/sites\/12\/2018\/03\/2018-03-25-kick-off-batterea-park-22-180x240.jpg 180w, https:\/\/theball.tv\/2018\/wp-content\/uploads\/sites\/12\/2018\/03\/2018-03-25-kick-off-batterea-park-22-735x980.jpg 735w, https:\/\/theball.tv\/2018\/wp-content\/uploads\/sites\/12\/2018\/03\/2018-03-25-kick-off-batterea-park-22-225x300.jpg 225w, https:\/\/theball.tv\/2018\/wp-content\/uploads\/sites\/12\/2018\/03\/2018-03-25-kick-off-batterea-park-22-768x1024.jpg 768w\" width=\"412\" height=\"549\" loading=\"lazy\" data-original-width=\"412\" data-original-height=\"549\" itemprop=\"http:\/\/schema.org\/image\" title=\"2018 03 25 kick off batterea park-22\" alt=\"Der Referee sorgt f\u00fcr die Einhaltung der historischen Regeln\" style=\"width: 412px; height: 549px;\" \/> <\/a> <div class=\"tiled-gallery-caption\" itemprop=\"caption description\"> Der Referee sorgt f\u00fcr die Einhaltung der historischen Regeln <\/div> <\/div> <\/div> <!-- close group --> <div class=\"gallery-group images-3\" style=\"width: 244px; height: 553px;\" data-original-width=\"244\" data-original-height=\"553\" > <div class=\"tiled-gallery-item tiled-gallery-item-small\" itemprop=\"associatedMedia\" itemscope itemtype=\"http:\/\/schema.org\/ImageObject\"> <a class=\"nolightbox\" class=\"nolightbox\" href=\"https:\/\/spirit-of-football.de\/2018\/03\/26\/fuenfte-ballreise-zur-wm-nach-russland-am-sonntag-im-londoner-battersea-park-gestartet\/2018-03-25-kick-off-batterea-park-23\/\" border=\"0\" itemprop=\"url\"> <meta itemprop=\"width\" content=\"240\"> <meta itemprop=\"height\" content=\"181\"> <img decoding=\"async\" class=\"\" data-attachment-id=\"7343\" data-orig-file=\"https:\/\/theball.tv\/2018\/wp-content\/uploads\/sites\/12\/2018\/03\/2018-03-25-kick-off-batterea-park-23.jpg\" data-orig-size=\"1600,1200\" data-comments-opened=\"\" data-image-meta=\"{&quot;aperture&quot;:&quot;2.4&quot;,&quot;credit&quot;:&quot;&quot;,&quot;camera&quot;:&quot;SM-G965F&quot;,&quot;caption&quot;:&quot;&quot;,&quot;created_timestamp&quot;:&quot;1521982284&quot;,&quot;copyright&quot;:&quot;&quot;,&quot;focal_length&quot;:&quot;4.3&quot;,&quot;iso&quot;:&quot;50&quot;,&quot;shutter_speed&quot;:&quot;0.0049019607843137&quot;,&quot;title&quot;:&quot;&quot;,&quot;orientation&quot;:&quot;1&quot;}\" data-image-title=\"2018 03 25 kick off batterea park-23\" data-image-description=\"\" data-medium-file=\"https:\/\/theball.tv\/2018\/wp-content\/uploads\/sites\/12\/2018\/03\/2018-03-25-kick-off-batterea-park-23-300x225.jpg\" data-large-file=\"https:\/\/theball.tv\/2018\/wp-content\/uploads\/sites\/12\/2018\/03\/2018-03-25-kick-off-batterea-park-23-1024x768.jpg\" src=\"https:\/\/theball.tv\/2018\/wp-content\/uploads\/sites\/12\/2018\/03\/2018-03-25-kick-off-batterea-park-23.jpg\" srcset=\"https:\/\/theball.tv\/2018\/wp-content\/uploads\/sites\/12\/2018\/03\/2018-03-25-kick-off-batterea-park-23.jpg 1600w, https:\/\/theball.tv\/2018\/wp-content\/uploads\/sites\/12\/2018\/03\/2018-03-25-kick-off-batterea-park-23-1536x1152.jpg 1536w, https:\/\/theball.tv\/2018\/wp-content\/uploads\/sites\/12\/2018\/03\/2018-03-25-kick-off-batterea-park-23-16x12.jpg 16w, https:\/\/theball.tv\/2018\/wp-content\/uploads\/sites\/12\/2018\/03\/2018-03-25-kick-off-batterea-park-23-960x720.jpg 960w, https:\/\/theball.tv\/2018\/wp-content\/uploads\/sites\/12\/2018\/03\/2018-03-25-kick-off-batterea-park-23-427x320.jpg 427w, https:\/\/theball.tv\/2018\/wp-content\/uploads\/sites\/12\/2018\/03\/2018-03-25-kick-off-batterea-park-23-640x480.jpg 640w, https:\/\/theball.tv\/2018\/wp-content\/uploads\/sites\/12\/2018\/03\/2018-03-25-kick-off-batterea-park-23-618x464.jpg 618w, https:\/\/theball.tv\/2018\/wp-content\/uploads\/sites\/12\/2018\/03\/2018-03-25-kick-off-batterea-park-23-240x180.jpg 240w, https:\/\/theball.tv\/2018\/wp-content\/uploads\/sites\/12\/2018\/03\/2018-03-25-kick-off-batterea-park-23-980x735.jpg 980w, https:\/\/theball.tv\/2018\/wp-content\/uploads\/sites\/12\/2018\/03\/2018-03-25-kick-off-batterea-park-23-300x225.jpg 300w, https:\/\/theball.tv\/2018\/wp-content\/uploads\/sites\/12\/2018\/03\/2018-03-25-kick-off-batterea-park-23-768x576.jpg 768w, https:\/\/theball.tv\/2018\/wp-content\/uploads\/sites\/12\/2018\/03\/2018-03-25-kick-off-batterea-park-23-1024x768.jpg 1024w, https:\/\/theball.tv\/2018\/wp-content\/uploads\/sites\/12\/2018\/03\/2018-03-25-kick-off-batterea-park-23-400x300.jpg 400w\" width=\"240\" height=\"181\" loading=\"lazy\" data-original-width=\"240\" data-original-height=\"181\" itemprop=\"http:\/\/schema.org\/image\" title=\"2018 03 25 kick off batterea park-23\" alt=\"Ist das schon Fu\u00dfball ...\" style=\"width: 240px; height: 181px;\" \/> <\/a> <div class=\"tiled-gallery-caption\" itemprop=\"caption description\"> Ist das schon Fu\u00dfball &#8230; <\/div> <\/div> <div class=\"tiled-gallery-item tiled-gallery-item-small\" itemprop=\"associatedMedia\" itemscope itemtype=\"http:\/\/schema.org\/ImageObject\"> <a class=\"nolightbox\" class=\"nolightbox\" href=\"https:\/\/spirit-of-football.de\/2018\/03\/26\/fuenfte-ballreise-zur-wm-nach-russland-am-sonntag-im-londoner-battersea-park-gestartet\/2018-03-25-kick-off-batterea-park-24\/\" border=\"0\" itemprop=\"url\"> <meta itemprop=\"width\" content=\"240\"> <meta itemprop=\"height\" content=\"180\"> <img decoding=\"async\" class=\"\" data-attachment-id=\"7344\" data-orig-file=\"https:\/\/theball.tv\/2018\/wp-content\/uploads\/sites\/12\/2018\/03\/2018-03-25-kick-off-batterea-park-24.jpg\" data-orig-size=\"1600,1200\" data-comments-opened=\"\" data-image-meta=\"{&quot;aperture&quot;:&quot;2.4&quot;,&quot;credit&quot;:&quot;&quot;,&quot;camera&quot;:&quot;SM-G965F&quot;,&quot;caption&quot;:&quot;&quot;,&quot;created_timestamp&quot;:&quot;1521982352&quot;,&quot;copyright&quot;:&quot;&quot;,&quot;focal_length&quot;:&quot;6&quot;,&quot;iso&quot;:&quot;25&quot;,&quot;shutter_speed&quot;:&quot;0.0075757575757576&quot;,&quot;title&quot;:&quot;&quot;,&quot;orientation&quot;:&quot;1&quot;}\" data-image-title=\"2018 03 25 kick off batterea park-24\" data-image-description=\"\" data-medium-file=\"https:\/\/theball.tv\/2018\/wp-content\/uploads\/sites\/12\/2018\/03\/2018-03-25-kick-off-batterea-park-24-300x225.jpg\" data-large-file=\"https:\/\/theball.tv\/2018\/wp-content\/uploads\/sites\/12\/2018\/03\/2018-03-25-kick-off-batterea-park-24-1024x768.jpg\" src=\"https:\/\/theball.tv\/2018\/wp-content\/uploads\/sites\/12\/2018\/03\/2018-03-25-kick-off-batterea-park-24.jpg\" srcset=\"https:\/\/theball.tv\/2018\/wp-content\/uploads\/sites\/12\/2018\/03\/2018-03-25-kick-off-batterea-park-24.jpg 1600w, https:\/\/theball.tv\/2018\/wp-content\/uploads\/sites\/12\/2018\/03\/2018-03-25-kick-off-batterea-park-24-1536x1152.jpg 1536w, https:\/\/theball.tv\/2018\/wp-content\/uploads\/sites\/12\/2018\/03\/2018-03-25-kick-off-batterea-park-24-16x12.jpg 16w, https:\/\/theball.tv\/2018\/wp-content\/uploads\/sites\/12\/2018\/03\/2018-03-25-kick-off-batterea-park-24-960x720.jpg 960w, https:\/\/theball.tv\/2018\/wp-content\/uploads\/sites\/12\/2018\/03\/2018-03-25-kick-off-batterea-park-24-427x320.jpg 427w, https:\/\/theball.tv\/2018\/wp-content\/uploads\/sites\/12\/2018\/03\/2018-03-25-kick-off-batterea-park-24-640x480.jpg 640w, https:\/\/theball.tv\/2018\/wp-content\/uploads\/sites\/12\/2018\/03\/2018-03-25-kick-off-batterea-park-24-618x464.jpg 618w, https:\/\/theball.tv\/2018\/wp-content\/uploads\/sites\/12\/2018\/03\/2018-03-25-kick-off-batterea-park-24-240x180.jpg 240w, https:\/\/theball.tv\/2018\/wp-content\/uploads\/sites\/12\/2018\/03\/2018-03-25-kick-off-batterea-park-24-980x735.jpg 980w, https:\/\/theball.tv\/2018\/wp-content\/uploads\/sites\/12\/2018\/03\/2018-03-25-kick-off-batterea-park-24-300x225.jpg 300w, https:\/\/theball.tv\/2018\/wp-content\/uploads\/sites\/12\/2018\/03\/2018-03-25-kick-off-batterea-park-24-768x576.jpg 768w, https:\/\/theball.tv\/2018\/wp-content\/uploads\/sites\/12\/2018\/03\/2018-03-25-kick-off-batterea-park-24-1024x768.jpg 1024w, https:\/\/theball.tv\/2018\/wp-content\/uploads\/sites\/12\/2018\/03\/2018-03-25-kick-off-batterea-park-24-400x300.jpg 400w\" width=\"240\" height=\"180\" loading=\"lazy\" data-original-width=\"240\" data-original-height=\"180\" itemprop=\"http:\/\/schema.org\/image\" title=\"2018 03 25 kick off batterea park-24\" alt=\"... oder noch Rugby?\" style=\"width: 240px; height: 180px;\" \/> <\/a> <div class=\"tiled-gallery-caption\" itemprop=\"caption description\"> &#8230; oder noch Rugby? <\/div> <\/div> <div class=\"tiled-gallery-item tiled-gallery-item-small\" itemprop=\"associatedMedia\" itemscope itemtype=\"http:\/\/schema.org\/ImageObject\"> <a class=\"nolightbox\" class=\"nolightbox\" href=\"https:\/\/spirit-of-football.de\/2018\/03\/26\/fuenfte-ballreise-zur-wm-nach-russland-am-sonntag-im-londoner-battersea-park-gestartet\/2018-03-25-kick-off-batterea-park-25\/\" border=\"0\" itemprop=\"url\"> <meta itemprop=\"width\" content=\"240\"> <meta itemprop=\"height\" content=\"180\"> <img decoding=\"async\" class=\"\" data-attachment-id=\"7345\" data-orig-file=\"https:\/\/theball.tv\/2018\/wp-content\/uploads\/sites\/12\/2018\/03\/2018-03-25-kick-off-batterea-park-25.jpg\" data-orig-size=\"1600,1200\" data-comments-opened=\"\" data-image-meta=\"{&quot;aperture&quot;:&quot;2.4&quot;,&quot;credit&quot;:&quot;&quot;,&quot;camera&quot;:&quot;SM-G965F&quot;,&quot;caption&quot;:&quot;&quot;,&quot;created_timestamp&quot;:&quot;1521982515&quot;,&quot;copyright&quot;:&quot;&quot;,&quot;focal_length&quot;:&quot;6&quot;,&quot;iso&quot;:&quot;25&quot;,&quot;shutter_speed&quot;:&quot;0.006993006993007&quot;,&quot;title&quot;:&quot;&quot;,&quot;orientation&quot;:&quot;1&quot;}\" data-image-title=\"2018 03 25 kick off batterea park-25\" data-image-description=\"\" data-medium-file=\"https:\/\/theball.tv\/2018\/wp-content\/uploads\/sites\/12\/2018\/03\/2018-03-25-kick-off-batterea-park-25-300x225.jpg\" data-large-file=\"https:\/\/theball.tv\/2018\/wp-content\/uploads\/sites\/12\/2018\/03\/2018-03-25-kick-off-batterea-park-25-1024x768.jpg\" src=\"https:\/\/theball.tv\/2018\/wp-content\/uploads\/sites\/12\/2018\/03\/2018-03-25-kick-off-batterea-park-25.jpg\" srcset=\"https:\/\/theball.tv\/2018\/wp-content\/uploads\/sites\/12\/2018\/03\/2018-03-25-kick-off-batterea-park-25.jpg 1600w, https:\/\/theball.tv\/2018\/wp-content\/uploads\/sites\/12\/2018\/03\/2018-03-25-kick-off-batterea-park-25-1536x1152.jpg 1536w, https:\/\/theball.tv\/2018\/wp-content\/uploads\/sites\/12\/2018\/03\/2018-03-25-kick-off-batterea-park-25-16x12.jpg 16w, https:\/\/theball.tv\/2018\/wp-content\/uploads\/sites\/12\/2018\/03\/2018-03-25-kick-off-batterea-park-25-960x720.jpg 960w, https:\/\/theball.tv\/2018\/wp-content\/uploads\/sites\/12\/2018\/03\/2018-03-25-kick-off-batterea-park-25-427x320.jpg 427w, https:\/\/theball.tv\/2018\/wp-content\/uploads\/sites\/12\/2018\/03\/2018-03-25-kick-off-batterea-park-25-640x480.jpg 640w, https:\/\/theball.tv\/2018\/wp-content\/uploads\/sites\/12\/2018\/03\/2018-03-25-kick-off-batterea-park-25-618x464.jpg 618w, https:\/\/theball.tv\/2018\/wp-content\/uploads\/sites\/12\/2018\/03\/2018-03-25-kick-off-batterea-park-25-240x180.jpg 240w, https:\/\/theball.tv\/2018\/wp-content\/uploads\/sites\/12\/2018\/03\/2018-03-25-kick-off-batterea-park-25-980x735.jpg 980w, https:\/\/theball.tv\/2018\/wp-content\/uploads\/sites\/12\/2018\/03\/2018-03-25-kick-off-batterea-park-25-300x225.jpg 300w, https:\/\/theball.tv\/2018\/wp-content\/uploads\/sites\/12\/2018\/03\/2018-03-25-kick-off-batterea-park-25-768x576.jpg 768w, https:\/\/theball.tv\/2018\/wp-content\/uploads\/sites\/12\/2018\/03\/2018-03-25-kick-off-batterea-park-25-1024x768.jpg 1024w, https:\/\/theball.tv\/2018\/wp-content\/uploads\/sites\/12\/2018\/03\/2018-03-25-kick-off-batterea-park-25-400x300.jpg 400w\" width=\"240\" height=\"180\" loading=\"lazy\" data-original-width=\"240\" data-original-height=\"180\" itemprop=\"http:\/\/schema.org\/image\" title=\"2018 03 25 kick off batterea park-25\" alt=\"Der Ansto\u00df von der Mittellinie\" style=\"width: 240px; height: 180px;\" \/> <\/a> <div class=\"tiled-gallery-caption\" itemprop=\"caption description\"> Der Ansto\u00df von der Mittellinie <\/div> <\/div> <\/div> <!-- close group --> <\/div> <!-- close row --> <div class=\"gallery-row\" style=\"width: 660px; height: 292px;\" data-original-width=\"660\" data-original-height=\"292\" > <div class=\"gallery-group images-1\" style=\"width: 220px; height: 292px;\" data-original-width=\"220\" data-original-height=\"292\" > <div class=\"tiled-gallery-item tiled-gallery-item-small\" itemprop=\"associatedMedia\" itemscope itemtype=\"http:\/\/schema.org\/ImageObject\"> <a class=\"nolightbox\" class=\"nolightbox\" href=\"https:\/\/spirit-of-football.de\/2018\/03\/26\/fuenfte-ballreise-zur-wm-nach-russland-am-sonntag-im-londoner-battersea-park-gestartet\/2018-03-25-kick-off-batterea-park-26\/\" border=\"0\" itemprop=\"url\"> <meta itemprop=\"width\" content=\"216\"> <meta itemprop=\"height\" content=\"288\"> <img decoding=\"async\" class=\"\" data-attachment-id=\"7346\" data-orig-file=\"https:\/\/theball.tv\/2018\/wp-content\/uploads\/sites\/12\/2018\/03\/2018-03-25-kick-off-batterea-park-26.jpg\" data-orig-size=\"1200,1600\" data-comments-opened=\"\" data-image-meta=\"{&quot;aperture&quot;:&quot;2.4&quot;,&quot;credit&quot;:&quot;&quot;,&quot;camera&quot;:&quot;SM-G965F&quot;,&quot;caption&quot;:&quot;&quot;,&quot;created_timestamp&quot;:&quot;1521983288&quot;,&quot;copyright&quot;:&quot;&quot;,&quot;focal_length&quot;:&quot;4.3&quot;,&quot;iso&quot;:&quot;50&quot;,&quot;shutter_speed&quot;:&quot;0.0013831258644537&quot;,&quot;title&quot;:&quot;&quot;,&quot;orientation&quot;:&quot;1&quot;}\" data-image-title=\"2018 03 25 kick off batterea park-26\" data-image-description=\"\" data-medium-file=\"https:\/\/theball.tv\/2018\/wp-content\/uploads\/sites\/12\/2018\/03\/2018-03-25-kick-off-batterea-park-26-225x300.jpg\" data-large-file=\"https:\/\/theball.tv\/2018\/wp-content\/uploads\/sites\/12\/2018\/03\/2018-03-25-kick-off-batterea-park-26-768x1024.jpg\" src=\"https:\/\/theball.tv\/2018\/wp-content\/uploads\/sites\/12\/2018\/03\/2018-03-25-kick-off-batterea-park-26.jpg\" srcset=\"https:\/\/theball.tv\/2018\/wp-content\/uploads\/sites\/12\/2018\/03\/2018-03-25-kick-off-batterea-park-26.jpg 1200w, https:\/\/theball.tv\/2018\/wp-content\/uploads\/sites\/12\/2018\/03\/2018-03-25-kick-off-batterea-park-26-1152x1536.jpg 1152w, https:\/\/theball.tv\/2018\/wp-content\/uploads\/sites\/12\/2018\/03\/2018-03-25-kick-off-batterea-park-26-9x12.jpg 9w, https:\/\/theball.tv\/2018\/wp-content\/uploads\/sites\/12\/2018\/03\/2018-03-25-kick-off-batterea-park-26-540x720.jpg 540w, https:\/\/theball.tv\/2018\/wp-content\/uploads\/sites\/12\/2018\/03\/2018-03-25-kick-off-batterea-park-26-240x320.jpg 240w, https:\/\/theball.tv\/2018\/wp-content\/uploads\/sites\/12\/2018\/03\/2018-03-25-kick-off-batterea-park-26-480x640.jpg 480w, https:\/\/theball.tv\/2018\/wp-content\/uploads\/sites\/12\/2018\/03\/2018-03-25-kick-off-batterea-park-26-464x618.jpg 464w, https:\/\/theball.tv\/2018\/wp-content\/uploads\/sites\/12\/2018\/03\/2018-03-25-kick-off-batterea-park-26-180x240.jpg 180w, https:\/\/theball.tv\/2018\/wp-content\/uploads\/sites\/12\/2018\/03\/2018-03-25-kick-off-batterea-park-26-735x980.jpg 735w, https:\/\/theball.tv\/2018\/wp-content\/uploads\/sites\/12\/2018\/03\/2018-03-25-kick-off-batterea-park-26-225x300.jpg 225w, https:\/\/theball.tv\/2018\/wp-content\/uploads\/sites\/12\/2018\/03\/2018-03-25-kick-off-batterea-park-26-768x1024.jpg 768w\" width=\"216\" height=\"288\" loading=\"lazy\" data-original-width=\"216\" data-original-height=\"288\" itemprop=\"http:\/\/schema.org\/image\" title=\"2018 03 25 kick off batterea park-26\" alt=\"Balltr\u00e4ger Benni und sein bester Freund\" style=\"width: 216px; height: 288px;\" \/> <\/a> <div class=\"tiled-gallery-caption\" itemprop=\"caption description\"> Balltr\u00e4ger Benni und sein bester Freund <\/div> <\/div> <\/div> <!-- close group --> <div class=\"gallery-group images-1\" style=\"width: 220px; height: 292px;\" data-original-width=\"220\" data-original-height=\"292\" > <div class=\"tiled-gallery-item tiled-gallery-item-small\" itemprop=\"associatedMedia\" itemscope itemtype=\"http:\/\/schema.org\/ImageObject\"> <a class=\"nolightbox\" class=\"nolightbox\" href=\"https:\/\/spirit-of-football.de\/2018\/03\/26\/fuenfte-ballreise-zur-wm-nach-russland-am-sonntag-im-londoner-battersea-park-gestartet\/2018-03-25-kick-off-batterea-park-27\/\" border=\"0\" itemprop=\"url\"> <meta itemprop=\"width\" content=\"216\"> <meta itemprop=\"height\" content=\"288\"> <img decoding=\"async\" class=\"\" data-attachment-id=\"7347\" data-orig-file=\"https:\/\/theball.tv\/2018\/wp-content\/uploads\/sites\/12\/2018\/03\/2018-03-25-kick-off-batterea-park-27.jpg\" data-orig-size=\"1200,1600\" data-comments-opened=\"\" data-image-meta=\"{&quot;aperture&quot;:&quot;2.4&quot;,&quot;credit&quot;:&quot;&quot;,&quot;camera&quot;:&quot;SM-G965F&quot;,&quot;caption&quot;:&quot;&quot;,&quot;created_timestamp&quot;:&quot;1521983424&quot;,&quot;copyright&quot;:&quot;&quot;,&quot;focal_length&quot;:&quot;4.3&quot;,&quot;iso&quot;:&quot;50&quot;,&quot;shutter_speed&quot;:&quot;0.0020283975659229&quot;,&quot;title&quot;:&quot;&quot;,&quot;orientation&quot;:&quot;1&quot;}\" data-image-title=\"2018 03 25 kick off batterea park-27\" data-image-description=\"\" data-medium-file=\"https:\/\/theball.tv\/2018\/wp-content\/uploads\/sites\/12\/2018\/03\/2018-03-25-kick-off-batterea-park-27-225x300.jpg\" data-large-file=\"https:\/\/theball.tv\/2018\/wp-content\/uploads\/sites\/12\/2018\/03\/2018-03-25-kick-off-batterea-park-27-768x1024.jpg\" src=\"https:\/\/theball.tv\/2018\/wp-content\/uploads\/sites\/12\/2018\/03\/2018-03-25-kick-off-batterea-park-27.jpg\" srcset=\"https:\/\/theball.tv\/2018\/wp-content\/uploads\/sites\/12\/2018\/03\/2018-03-25-kick-off-batterea-park-27.jpg 1200w, https:\/\/theball.tv\/2018\/wp-content\/uploads\/sites\/12\/2018\/03\/2018-03-25-kick-off-batterea-park-27-1152x1536.jpg 1152w, https:\/\/theball.tv\/2018\/wp-content\/uploads\/sites\/12\/2018\/03\/2018-03-25-kick-off-batterea-park-27-9x12.jpg 9w, https:\/\/theball.tv\/2018\/wp-content\/uploads\/sites\/12\/2018\/03\/2018-03-25-kick-off-batterea-park-27-540x720.jpg 540w, https:\/\/theball.tv\/2018\/wp-content\/uploads\/sites\/12\/2018\/03\/2018-03-25-kick-off-batterea-park-27-240x320.jpg 240w, https:\/\/theball.tv\/2018\/wp-content\/uploads\/sites\/12\/2018\/03\/2018-03-25-kick-off-batterea-park-27-480x640.jpg 480w, https:\/\/theball.tv\/2018\/wp-content\/uploads\/sites\/12\/2018\/03\/2018-03-25-kick-off-batterea-park-27-464x618.jpg 464w, https:\/\/theball.tv\/2018\/wp-content\/uploads\/sites\/12\/2018\/03\/2018-03-25-kick-off-batterea-park-27-180x240.jpg 180w, https:\/\/theball.tv\/2018\/wp-content\/uploads\/sites\/12\/2018\/03\/2018-03-25-kick-off-batterea-park-27-735x980.jpg 735w, https:\/\/theball.tv\/2018\/wp-content\/uploads\/sites\/12\/2018\/03\/2018-03-25-kick-off-batterea-park-27-225x300.jpg 225w, https:\/\/theball.tv\/2018\/wp-content\/uploads\/sites\/12\/2018\/03\/2018-03-25-kick-off-batterea-park-27-768x1024.jpg 768w\" width=\"216\" height=\"288\" loading=\"lazy\" data-original-width=\"216\" data-original-height=\"288\" itemprop=\"http:\/\/schema.org\/image\" title=\"2018 03 25 kick off batterea park-27\" alt=\"Erin Blankenship von Equal Playing Field erh\u00e4lt &quot;The sister Ball&quot; f\u00fcr das niedrigste Fu\u00dfballspiel der Welt am Toten Meer\" style=\"width: 216px; height: 288px;\" \/> <\/a> <div class=\"tiled-gallery-caption\" itemprop=\"caption description\"> Erin Blankenship von Equal Playing Field erh\u00e4lt &#8220;The sister Ball&#8221; f\u00fcr das niedrigste Fu\u00dfballspiel der Welt am Toten Meer <\/div> <\/div> <\/div> <!-- close group --> <div class=\"gallery-group images-1\" style=\"width: 220px; height: 292px;\" data-original-width=\"220\" data-original-height=\"292\" > <div class=\"tiled-gallery-item tiled-gallery-item-small\" itemprop=\"associatedMedia\" itemscope itemtype=\"http:\/\/schema.org\/ImageObject\"> <a class=\"nolightbox\" class=\"nolightbox\" href=\"https:\/\/spirit-of-football.de\/2018\/03\/26\/fuenfte-ballreise-zur-wm-nach-russland-am-sonntag-im-londoner-battersea-park-gestartet\/2018-03-25-kick-off-batterea-park-29\/\" border=\"0\" itemprop=\"url\"> <meta itemprop=\"width\" content=\"216\"> <meta itemprop=\"height\" content=\"288\"> <img decoding=\"async\" class=\"\" data-attachment-id=\"7349\" data-orig-file=\"https:\/\/theball.tv\/2018\/wp-content\/uploads\/sites\/12\/2018\/03\/2018-03-25-kick-off-batterea-park-29.jpg\" data-orig-size=\"1200,1600\" data-comments-opened=\"\" data-image-meta=\"{&quot;aperture&quot;:&quot;2.4&quot;,&quot;credit&quot;:&quot;&quot;,&quot;camera&quot;:&quot;SM-G965F&quot;,&quot;caption&quot;:&quot;&quot;,&quot;created_timestamp&quot;:&quot;1521983516&quot;,&quot;copyright&quot;:&quot;&quot;,&quot;focal_length&quot;:&quot;4.3&quot;,&quot;iso&quot;:&quot;50&quot;,&quot;shutter_speed&quot;:&quot;0.0022935779816514&quot;,&quot;title&quot;:&quot;&quot;,&quot;orientation&quot;:&quot;1&quot;}\" data-image-title=\"2018 03 25 kick off batterea park-29\" data-image-description=\"\" data-medium-file=\"https:\/\/theball.tv\/2018\/wp-content\/uploads\/sites\/12\/2018\/03\/2018-03-25-kick-off-batterea-park-29-225x300.jpg\" data-large-file=\"https:\/\/theball.tv\/2018\/wp-content\/uploads\/sites\/12\/2018\/03\/2018-03-25-kick-off-batterea-park-29-768x1024.jpg\" src=\"https:\/\/theball.tv\/2018\/wp-content\/uploads\/sites\/12\/2018\/03\/2018-03-25-kick-off-batterea-park-29.jpg\" srcset=\"https:\/\/theball.tv\/2018\/wp-content\/uploads\/sites\/12\/2018\/03\/2018-03-25-kick-off-batterea-park-29.jpg 1200w, https:\/\/theball.tv\/2018\/wp-content\/uploads\/sites\/12\/2018\/03\/2018-03-25-kick-off-batterea-park-29-1152x1536.jpg 1152w, https:\/\/theball.tv\/2018\/wp-content\/uploads\/sites\/12\/2018\/03\/2018-03-25-kick-off-batterea-park-29-9x12.jpg 9w, https:\/\/theball.tv\/2018\/wp-content\/uploads\/sites\/12\/2018\/03\/2018-03-25-kick-off-batterea-park-29-540x720.jpg 540w, https:\/\/theball.tv\/2018\/wp-content\/uploads\/sites\/12\/2018\/03\/2018-03-25-kick-off-batterea-park-29-240x320.jpg 240w, https:\/\/theball.tv\/2018\/wp-content\/uploads\/sites\/12\/2018\/03\/2018-03-25-kick-off-batterea-park-29-480x640.jpg 480w, https:\/\/theball.tv\/2018\/wp-content\/uploads\/sites\/12\/2018\/03\/2018-03-25-kick-off-batterea-park-29-464x618.jpg 464w, https:\/\/theball.tv\/2018\/wp-content\/uploads\/sites\/12\/2018\/03\/2018-03-25-kick-off-batterea-park-29-180x240.jpg 180w, https:\/\/theball.tv\/2018\/wp-content\/uploads\/sites\/12\/2018\/03\/2018-03-25-kick-off-batterea-park-29-735x980.jpg 735w, https:\/\/theball.tv\/2018\/wp-content\/uploads\/sites\/12\/2018\/03\/2018-03-25-kick-off-batterea-park-29-225x300.jpg 225w, https:\/\/theball.tv\/2018\/wp-content\/uploads\/sites\/12\/2018\/03\/2018-03-25-kick-off-batterea-park-29-768x1024.jpg 768w\" width=\"216\" height=\"288\" loading=\"lazy\" data-original-width=\"216\" data-original-height=\"288\" itemprop=\"http:\/\/schema.org\/image\" title=\"2018 03 25 kick off batterea park-29\" alt=\"The Ball 2014 ist extra aus Brasilien angereist\" style=\"width: 216px; height: 288px;\" \/> <\/a> <div class=\"tiled-gallery-caption\" itemprop=\"caption description\"> The Ball 2014 ist extra aus Brasilien angereist <\/div> <\/div> <\/div> <!-- close group --> <\/div> <!-- close row --> <div class=\"gallery-row\" style=\"width: 660px; height: 331px;\" data-original-width=\"660\" data-original-height=\"331\" > <div class=\"gallery-group images-1\" style=\"width: 440px; height: 331px;\" data-original-width=\"440\" data-original-height=\"331\" > <div class=\"tiled-gallery-item tiled-gallery-item-large\" itemprop=\"associatedMedia\" itemscope itemtype=\"http:\/\/schema.org\/ImageObject\"> <a class=\"nolightbox\" class=\"nolightbox\" href=\"https:\/\/spirit-of-football.de\/2018\/03\/26\/fuenfte-ballreise-zur-wm-nach-russland-am-sonntag-im-londoner-battersea-park-gestartet\/2018-03-25-kick-off-batterea-park-30\/\" border=\"0\" itemprop=\"url\"> <meta itemprop=\"width\" content=\"436\"> <meta itemprop=\"height\" content=\"327\"> <img decoding=\"async\" class=\"\" data-attachment-id=\"7350\" data-orig-file=\"https:\/\/theball.tv\/2018\/wp-content\/uploads\/sites\/12\/2018\/03\/2018-03-25-kick-off-batterea-park-30.jpg\" data-orig-size=\"1600,1200\" data-comments-opened=\"\" data-image-meta=\"{&quot;aperture&quot;:&quot;2.4&quot;,&quot;credit&quot;:&quot;&quot;,&quot;camera&quot;:&quot;SM-G965F&quot;,&quot;caption&quot;:&quot;&quot;,&quot;created_timestamp&quot;:&quot;1521983839&quot;,&quot;copyright&quot;:&quot;&quot;,&quot;focal_length&quot;:&quot;4.3&quot;,&quot;iso&quot;:&quot;50&quot;,&quot;shutter_speed&quot;:&quot;0.0032894736842105&quot;,&quot;title&quot;:&quot;&quot;,&quot;orientation&quot;:&quot;1&quot;}\" data-image-title=\"2018 03 25 kick off batterea park-30\" data-image-description=\"\" data-medium-file=\"https:\/\/theball.tv\/2018\/wp-content\/uploads\/sites\/12\/2018\/03\/2018-03-25-kick-off-batterea-park-30-300x225.jpg\" data-large-file=\"https:\/\/theball.tv\/2018\/wp-content\/uploads\/sites\/12\/2018\/03\/2018-03-25-kick-off-batterea-park-30-1024x768.jpg\" src=\"https:\/\/theball.tv\/2018\/wp-content\/uploads\/sites\/12\/2018\/03\/2018-03-25-kick-off-batterea-park-30.jpg\" srcset=\"https:\/\/theball.tv\/2018\/wp-content\/uploads\/sites\/12\/2018\/03\/2018-03-25-kick-off-batterea-park-30.jpg 1600w, https:\/\/theball.tv\/2018\/wp-content\/uploads\/sites\/12\/2018\/03\/2018-03-25-kick-off-batterea-park-30-1536x1152.jpg 1536w, https:\/\/theball.tv\/2018\/wp-content\/uploads\/sites\/12\/2018\/03\/2018-03-25-kick-off-batterea-park-30-16x12.jpg 16w, https:\/\/theball.tv\/2018\/wp-content\/uploads\/sites\/12\/2018\/03\/2018-03-25-kick-off-batterea-park-30-960x720.jpg 960w, https:\/\/theball.tv\/2018\/wp-content\/uploads\/sites\/12\/2018\/03\/2018-03-25-kick-off-batterea-park-30-427x320.jpg 427w, https:\/\/theball.tv\/2018\/wp-content\/uploads\/sites\/12\/2018\/03\/2018-03-25-kick-off-batterea-park-30-640x480.jpg 640w, https:\/\/theball.tv\/2018\/wp-content\/uploads\/sites\/12\/2018\/03\/2018-03-25-kick-off-batterea-park-30-618x464.jpg 618w, https:\/\/theball.tv\/2018\/wp-content\/uploads\/sites\/12\/2018\/03\/2018-03-25-kick-off-batterea-park-30-240x180.jpg 240w, https:\/\/theball.tv\/2018\/wp-content\/uploads\/sites\/12\/2018\/03\/2018-03-25-kick-off-batterea-park-30-980x735.jpg 980w, https:\/\/theball.tv\/2018\/wp-content\/uploads\/sites\/12\/2018\/03\/2018-03-25-kick-off-batterea-park-30-300x225.jpg 300w, https:\/\/theball.tv\/2018\/wp-content\/uploads\/sites\/12\/2018\/03\/2018-03-25-kick-off-batterea-park-30-768x576.jpg 768w, https:\/\/theball.tv\/2018\/wp-content\/uploads\/sites\/12\/2018\/03\/2018-03-25-kick-off-batterea-park-30-1024x768.jpg 1024w, https:\/\/theball.tv\/2018\/wp-content\/uploads\/sites\/12\/2018\/03\/2018-03-25-kick-off-batterea-park-30-400x300.jpg 400w\" width=\"436\" height=\"327\" loading=\"lazy\" data-original-width=\"436\" data-original-height=\"327\" itemprop=\"http:\/\/schema.org\/image\" title=\"2018 03 25 kick off batterea park-30\" alt=\"Die ersten von mehreren Zehntausend Unterschriften werden auf The Ball\" style=\"width: 436px; height: 327px;\" \/> <\/a> <div class=\"tiled-gallery-caption\" itemprop=\"caption description\"> Die ersten von mehreren Zehntausend Unterschriften werden auf The Ball <\/div> <\/div> <\/div> <!-- close group --> <div class=\"gallery-group images-2\" style=\"width: 220px; height: 331px;\" data-original-width=\"220\" data-original-height=\"331\" > <div class=\"tiled-gallery-item tiled-gallery-item-small\" itemprop=\"associatedMedia\" itemscope itemtype=\"http:\/\/schema.org\/ImageObject\"> <a class=\"nolightbox\" class=\"nolightbox\" href=\"https:\/\/spirit-of-football.de\/2018\/03\/26\/fuenfte-ballreise-zur-wm-nach-russland-am-sonntag-im-londoner-battersea-park-gestartet\/2018-03-25-kick-off-batterea-park-31\/\" border=\"0\" itemprop=\"url\"> <meta itemprop=\"width\" content=\"216\"> <meta itemprop=\"height\" content=\"162\"> <img decoding=\"async\" class=\"\" data-attachment-id=\"7351\" data-orig-file=\"https:\/\/theball.tv\/2018\/wp-content\/uploads\/sites\/12\/2018\/03\/2018-03-25-kick-off-batterea-park-31.jpg\" data-orig-size=\"1600,1200\" data-comments-opened=\"\" data-image-meta=\"{&quot;aperture&quot;:&quot;2.4&quot;,&quot;credit&quot;:&quot;&quot;,&quot;camera&quot;:&quot;SM-G965F&quot;,&quot;caption&quot;:&quot;&quot;,&quot;created_timestamp&quot;:&quot;1521984150&quot;,&quot;copyright&quot;:&quot;&quot;,&quot;focal_length&quot;:&quot;4.3&quot;,&quot;iso&quot;:&quot;50&quot;,&quot;shutter_speed&quot;:&quot;0.0017699115044248&quot;,&quot;title&quot;:&quot;&quot;,&quot;orientation&quot;:&quot;1&quot;}\" data-image-title=\"2018 03 25 kick off batterea park-31\" data-image-description=\"\" data-medium-file=\"https:\/\/theball.tv\/2018\/wp-content\/uploads\/sites\/12\/2018\/03\/2018-03-25-kick-off-batterea-park-31-300x225.jpg\" data-large-file=\"https:\/\/theball.tv\/2018\/wp-content\/uploads\/sites\/12\/2018\/03\/2018-03-25-kick-off-batterea-park-31-1024x768.jpg\" src=\"https:\/\/theball.tv\/2018\/wp-content\/uploads\/sites\/12\/2018\/03\/2018-03-25-kick-off-batterea-park-31.jpg\" srcset=\"https:\/\/theball.tv\/2018\/wp-content\/uploads\/sites\/12\/2018\/03\/2018-03-25-kick-off-batterea-park-31.jpg 1600w, https:\/\/theball.tv\/2018\/wp-content\/uploads\/sites\/12\/2018\/03\/2018-03-25-kick-off-batterea-park-31-1536x1152.jpg 1536w, https:\/\/theball.tv\/2018\/wp-content\/uploads\/sites\/12\/2018\/03\/2018-03-25-kick-off-batterea-park-31-16x12.jpg 16w, https:\/\/theball.tv\/2018\/wp-content\/uploads\/sites\/12\/2018\/03\/2018-03-25-kick-off-batterea-park-31-960x720.jpg 960w, https:\/\/theball.tv\/2018\/wp-content\/uploads\/sites\/12\/2018\/03\/2018-03-25-kick-off-batterea-park-31-427x320.jpg 427w, https:\/\/theball.tv\/2018\/wp-content\/uploads\/sites\/12\/2018\/03\/2018-03-25-kick-off-batterea-park-31-640x480.jpg 640w, https:\/\/theball.tv\/2018\/wp-content\/uploads\/sites\/12\/2018\/03\/2018-03-25-kick-off-batterea-park-31-618x464.jpg 618w, https:\/\/theball.tv\/2018\/wp-content\/uploads\/sites\/12\/2018\/03\/2018-03-25-kick-off-batterea-park-31-240x180.jpg 240w, https:\/\/theball.tv\/2018\/wp-content\/uploads\/sites\/12\/2018\/03\/2018-03-25-kick-off-batterea-park-31-980x735.jpg 980w, https:\/\/theball.tv\/2018\/wp-content\/uploads\/sites\/12\/2018\/03\/2018-03-25-kick-off-batterea-park-31-300x225.jpg 300w, https:\/\/theball.tv\/2018\/wp-content\/uploads\/sites\/12\/2018\/03\/2018-03-25-kick-off-batterea-park-31-768x576.jpg 768w, https:\/\/theball.tv\/2018\/wp-content\/uploads\/sites\/12\/2018\/03\/2018-03-25-kick-off-batterea-park-31-1024x768.jpg 1024w, https:\/\/theball.tv\/2018\/wp-content\/uploads\/sites\/12\/2018\/03\/2018-03-25-kick-off-batterea-park-31-400x300.jpg 400w\" width=\"216\" height=\"162\" loading=\"lazy\" data-original-width=\"216\" data-original-height=\"162\" itemprop=\"http:\/\/schema.org\/image\" title=\"2018 03 25 kick off batterea park-31\" alt=\"So sieht sehen gl\u00fcckliche BallunterzeichnerInnen aus\" style=\"width: 216px; height: 162px;\" \/> <\/a> <div class=\"tiled-gallery-caption\" itemprop=\"caption description\"> So sieht sehen gl\u00fcckliche BallunterzeichnerInnen aus <\/div> <\/div> <div class=\"tiled-gallery-item tiled-gallery-item-small\" itemprop=\"associatedMedia\" itemscope itemtype=\"http:\/\/schema.org\/ImageObject\"> <a class=\"nolightbox\" class=\"nolightbox\" href=\"https:\/\/spirit-of-football.de\/2018\/03\/26\/fuenfte-ballreise-zur-wm-nach-russland-am-sonntag-im-londoner-battersea-park-gestartet\/btf\/\" border=\"0\" itemprop=\"url\"> <meta itemprop=\"width\" content=\"216\"> <meta itemprop=\"height\" content=\"161\"> <img decoding=\"async\" class=\"\" data-attachment-id=\"7358\" data-orig-file=\"https:\/\/theball.tv\/2018\/wp-content\/uploads\/sites\/12\/2018\/03\/2018-03-25-kick-off-batterea-park-38.jpg\" data-orig-size=\"1600,1200\" data-comments-opened=\"\" data-image-meta=\"{&quot;aperture&quot;:&quot;2&quot;,&quot;credit&quot;:&quot;&quot;,&quot;camera&quot;:&quot;BLA-L29&quot;,&quot;caption&quot;:&quot;btf&quot;,&quot;created_timestamp&quot;:&quot;1521985097&quot;,&quot;copyright&quot;:&quot;&quot;,&quot;focal_length&quot;:&quot;3.36&quot;,&quot;iso&quot;:&quot;50&quot;,&quot;shutter_speed&quot;:&quot;0.006234&quot;,&quot;title&quot;:&quot;btf&quot;,&quot;orientation&quot;:&quot;0&quot;}\" data-image-title=\"btf\" data-image-description=\"\" data-medium-file=\"https:\/\/theball.tv\/2018\/wp-content\/uploads\/sites\/12\/2018\/03\/2018-03-25-kick-off-batterea-park-38-300x225.jpg\" data-large-file=\"https:\/\/theball.tv\/2018\/wp-content\/uploads\/sites\/12\/2018\/03\/2018-03-25-kick-off-batterea-park-38-1024x768.jpg\" src=\"https:\/\/theball.tv\/2018\/wp-content\/uploads\/sites\/12\/2018\/03\/2018-03-25-kick-off-batterea-park-38.jpg\" srcset=\"https:\/\/theball.tv\/2018\/wp-content\/uploads\/sites\/12\/2018\/03\/2018-03-25-kick-off-batterea-park-38.jpg 1600w, https:\/\/theball.tv\/2018\/wp-content\/uploads\/sites\/12\/2018\/03\/2018-03-25-kick-off-batterea-park-38-1536x1152.jpg 1536w, https:\/\/theball.tv\/2018\/wp-content\/uploads\/sites\/12\/2018\/03\/2018-03-25-kick-off-batterea-park-38-16x12.jpg 16w, https:\/\/theball.tv\/2018\/wp-content\/uploads\/sites\/12\/2018\/03\/2018-03-25-kick-off-batterea-park-38-960x720.jpg 960w, https:\/\/theball.tv\/2018\/wp-content\/uploads\/sites\/12\/2018\/03\/2018-03-25-kick-off-batterea-park-38-427x320.jpg 427w, https:\/\/theball.tv\/2018\/wp-content\/uploads\/sites\/12\/2018\/03\/2018-03-25-kick-off-batterea-park-38-640x480.jpg 640w, https:\/\/theball.tv\/2018\/wp-content\/uploads\/sites\/12\/2018\/03\/2018-03-25-kick-off-batterea-park-38-618x464.jpg 618w, https:\/\/theball.tv\/2018\/wp-content\/uploads\/sites\/12\/2018\/03\/2018-03-25-kick-off-batterea-park-38-240x180.jpg 240w, https:\/\/theball.tv\/2018\/wp-content\/uploads\/sites\/12\/2018\/03\/2018-03-25-kick-off-batterea-park-38-980x735.jpg 980w, https:\/\/theball.tv\/2018\/wp-content\/uploads\/sites\/12\/2018\/03\/2018-03-25-kick-off-batterea-park-38-300x225.jpg 300w, https:\/\/theball.tv\/2018\/wp-content\/uploads\/sites\/12\/2018\/03\/2018-03-25-kick-off-batterea-park-38-768x576.jpg 768w, https:\/\/theball.tv\/2018\/wp-content\/uploads\/sites\/12\/2018\/03\/2018-03-25-kick-off-batterea-park-38-1024x768.jpg 1024w, https:\/\/theball.tv\/2018\/wp-content\/uploads\/sites\/12\/2018\/03\/2018-03-25-kick-off-batterea-park-38-400x300.jpg 400w\" width=\"216\" height=\"161\" loading=\"lazy\" data-original-width=\"216\" data-original-height=\"161\" itemprop=\"http:\/\/schema.org\/image\" title=\"btf\" alt=\"Say &quot;cheeeeeese&quot; to The ball\" style=\"width: 216px; height: 161px;\" \/> <\/a> <div class=\"tiled-gallery-caption\" itemprop=\"caption description\"> Say &#8220;cheeeeeese&#8221; to The ball <\/div> <\/div> <\/div> <!-- close group --> <\/div> <!-- close row --> <div class=\"gallery-row\" style=\"width: 660px; height: 331px;\" data-original-width=\"660\" data-original-height=\"331\" > <div class=\"gallery-group images-2\" style=\"width: 220px; height: 331px;\" data-original-width=\"220\" data-original-height=\"331\" > <div class=\"tiled-gallery-item tiled-gallery-item-small\" itemprop=\"associatedMedia\" itemscope itemtype=\"http:\/\/schema.org\/ImageObject\"> <a class=\"nolightbox\" class=\"nolightbox\" href=\"https:\/\/spirit-of-football.de\/2018\/03\/26\/fuenfte-ballreise-zur-wm-nach-russland-am-sonntag-im-londoner-battersea-park-gestartet\/cof\/\" border=\"0\" itemprop=\"url\"> <meta itemprop=\"width\" content=\"216\"> <meta itemprop=\"height\" content=\"162\"> <img decoding=\"async\" class=\"\" data-attachment-id=\"7357\" data-orig-file=\"https:\/\/theball.tv\/2018\/wp-content\/uploads\/sites\/12\/2018\/03\/2018-03-25-kick-off-batterea-park-37.jpg\" data-orig-size=\"1600,1200\" data-comments-opened=\"\" data-image-meta=\"{&quot;aperture&quot;:&quot;1.6&quot;,&quot;credit&quot;:&quot;&quot;,&quot;camera&quot;:&quot;BLA-L29&quot;,&quot;caption&quot;:&quot;cof&quot;,&quot;created_timestamp&quot;:&quot;1521984431&quot;,&quot;copyright&quot;:&quot;&quot;,&quot;focal_length&quot;:&quot;3.95&quot;,&quot;iso&quot;:&quot;50&quot;,&quot;shutter_speed&quot;:&quot;0.000952&quot;,&quot;title&quot;:&quot;cof&quot;,&quot;orientation&quot;:&quot;0&quot;}\" data-image-title=\"cof\" data-image-description=\"\" data-medium-file=\"https:\/\/theball.tv\/2018\/wp-content\/uploads\/sites\/12\/2018\/03\/2018-03-25-kick-off-batterea-park-37-300x225.jpg\" data-large-file=\"https:\/\/theball.tv\/2018\/wp-content\/uploads\/sites\/12\/2018\/03\/2018-03-25-kick-off-batterea-park-37-1024x768.jpg\" src=\"https:\/\/theball.tv\/2018\/wp-content\/uploads\/sites\/12\/2018\/03\/2018-03-25-kick-off-batterea-park-37.jpg\" srcset=\"https:\/\/theball.tv\/2018\/wp-content\/uploads\/sites\/12\/2018\/03\/2018-03-25-kick-off-batterea-park-37.jpg 1600w, https:\/\/theball.tv\/2018\/wp-content\/uploads\/sites\/12\/2018\/03\/2018-03-25-kick-off-batterea-park-37-1536x1152.jpg 1536w, https:\/\/theball.tv\/2018\/wp-content\/uploads\/sites\/12\/2018\/03\/2018-03-25-kick-off-batterea-park-37-16x12.jpg 16w, https:\/\/theball.tv\/2018\/wp-content\/uploads\/sites\/12\/2018\/03\/2018-03-25-kick-off-batterea-park-37-960x720.jpg 960w, https:\/\/theball.tv\/2018\/wp-content\/uploads\/sites\/12\/2018\/03\/2018-03-25-kick-off-batterea-park-37-427x320.jpg 427w, https:\/\/theball.tv\/2018\/wp-content\/uploads\/sites\/12\/2018\/03\/2018-03-25-kick-off-batterea-park-37-640x480.jpg 640w, https:\/\/theball.tv\/2018\/wp-content\/uploads\/sites\/12\/2018\/03\/2018-03-25-kick-off-batterea-park-37-618x464.jpg 618w, https:\/\/theball.tv\/2018\/wp-content\/uploads\/sites\/12\/2018\/03\/2018-03-25-kick-off-batterea-park-37-240x180.jpg 240w, https:\/\/theball.tv\/2018\/wp-content\/uploads\/sites\/12\/2018\/03\/2018-03-25-kick-off-batterea-park-37-980x735.jpg 980w, https:\/\/theball.tv\/2018\/wp-content\/uploads\/sites\/12\/2018\/03\/2018-03-25-kick-off-batterea-park-37-300x225.jpg 300w, https:\/\/theball.tv\/2018\/wp-content\/uploads\/sites\/12\/2018\/03\/2018-03-25-kick-off-batterea-park-37-768x576.jpg 768w, https:\/\/theball.tv\/2018\/wp-content\/uploads\/sites\/12\/2018\/03\/2018-03-25-kick-off-batterea-park-37-1024x768.jpg 1024w, https:\/\/theball.tv\/2018\/wp-content\/uploads\/sites\/12\/2018\/03\/2018-03-25-kick-off-batterea-park-37-400x300.jpg 400w\" width=\"216\" height=\"162\" loading=\"lazy\" data-original-width=\"216\" data-original-height=\"162\" itemprop=\"http:\/\/schema.org\/image\" title=\"cof\" alt=\"Jeder der einen Kopfball gemacht hat, darf auf The Ball unterschreiben\" style=\"width: 216px; height: 162px;\" \/> <\/a> <div class=\"tiled-gallery-caption\" itemprop=\"caption description\"> Jeder der einen Kopfball gemacht hat, darf auf The Ball unterschreiben <\/div> <\/div> <div class=\"tiled-gallery-item tiled-gallery-item-small\" itemprop=\"associatedMedia\" itemscope itemtype=\"http:\/\/schema.org\/ImageObject\"> <a class=\"nolightbox\" class=\"nolightbox\" href=\"https:\/\/spirit-of-football.de\/2018\/03\/26\/fuenfte-ballreise-zur-wm-nach-russland-am-sonntag-im-londoner-battersea-park-gestartet\/2018-03-25-kick-off-batterea-park-32\/\" border=\"0\" itemprop=\"url\"> <meta itemprop=\"width\" content=\"216\"> <meta itemprop=\"height\" content=\"161\"> <img decoding=\"async\" class=\"\" data-attachment-id=\"7352\" data-orig-file=\"https:\/\/theball.tv\/2018\/wp-content\/uploads\/sites\/12\/2018\/03\/2018-03-25-kick-off-batterea-park-32.jpg\" data-orig-size=\"1600,1200\" data-comments-opened=\"\" data-image-meta=\"{&quot;aperture&quot;:&quot;2.4&quot;,&quot;credit&quot;:&quot;&quot;,&quot;camera&quot;:&quot;SM-G965F&quot;,&quot;caption&quot;:&quot;&quot;,&quot;created_timestamp&quot;:&quot;1521984886&quot;,&quot;copyright&quot;:&quot;&quot;,&quot;focal_length&quot;:&quot;4.3&quot;,&quot;iso&quot;:&quot;50&quot;,&quot;shutter_speed&quot;:&quot;0.003257328990228&quot;,&quot;title&quot;:&quot;&quot;,&quot;orientation&quot;:&quot;1&quot;}\" data-image-title=\"2018 03 25 kick off batterea park-32\" data-image-description=\"\" data-medium-file=\"https:\/\/theball.tv\/2018\/wp-content\/uploads\/sites\/12\/2018\/03\/2018-03-25-kick-off-batterea-park-32-300x225.jpg\" data-large-file=\"https:\/\/theball.tv\/2018\/wp-content\/uploads\/sites\/12\/2018\/03\/2018-03-25-kick-off-batterea-park-32-1024x768.jpg\" src=\"https:\/\/theball.tv\/2018\/wp-content\/uploads\/sites\/12\/2018\/03\/2018-03-25-kick-off-batterea-park-32.jpg\" srcset=\"https:\/\/theball.tv\/2018\/wp-content\/uploads\/sites\/12\/2018\/03\/2018-03-25-kick-off-batterea-park-32.jpg 1600w, https:\/\/theball.tv\/2018\/wp-content\/uploads\/sites\/12\/2018\/03\/2018-03-25-kick-off-batterea-park-32-1536x1152.jpg 1536w, https:\/\/theball.tv\/2018\/wp-content\/uploads\/sites\/12\/2018\/03\/2018-03-25-kick-off-batterea-park-32-16x12.jpg 16w, https:\/\/theball.tv\/2018\/wp-content\/uploads\/sites\/12\/2018\/03\/2018-03-25-kick-off-batterea-park-32-960x720.jpg 960w, https:\/\/theball.tv\/2018\/wp-content\/uploads\/sites\/12\/2018\/03\/2018-03-25-kick-off-batterea-park-32-427x320.jpg 427w, https:\/\/theball.tv\/2018\/wp-content\/uploads\/sites\/12\/2018\/03\/2018-03-25-kick-off-batterea-park-32-640x480.jpg 640w, https:\/\/theball.tv\/2018\/wp-content\/uploads\/sites\/12\/2018\/03\/2018-03-25-kick-off-batterea-park-32-618x464.jpg 618w, https:\/\/theball.tv\/2018\/wp-content\/uploads\/sites\/12\/2018\/03\/2018-03-25-kick-off-batterea-park-32-240x180.jpg 240w, https:\/\/theball.tv\/2018\/wp-content\/uploads\/sites\/12\/2018\/03\/2018-03-25-kick-off-batterea-park-32-980x735.jpg 980w, https:\/\/theball.tv\/2018\/wp-content\/uploads\/sites\/12\/2018\/03\/2018-03-25-kick-off-batterea-park-32-300x225.jpg 300w, https:\/\/theball.tv\/2018\/wp-content\/uploads\/sites\/12\/2018\/03\/2018-03-25-kick-off-batterea-park-32-768x576.jpg 768w, https:\/\/theball.tv\/2018\/wp-content\/uploads\/sites\/12\/2018\/03\/2018-03-25-kick-off-batterea-park-32-1024x768.jpg 1024w, https:\/\/theball.tv\/2018\/wp-content\/uploads\/sites\/12\/2018\/03\/2018-03-25-kick-off-batterea-park-32-400x300.jpg 400w\" width=\"216\" height=\"161\" loading=\"lazy\" data-original-width=\"216\" data-original-height=\"161\" itemprop=\"http:\/\/schema.org\/image\" title=\"2018 03 25 kick off batterea park-32\" alt=\"Christian Wach zeigt, wie man mit Fu\u00dfb\u00e4llen jongliert\" style=\"width: 216px; height: 161px;\" \/> <\/a> <div class=\"tiled-gallery-caption\" itemprop=\"caption description\"> Christian Wach zeigt, wie man mit Fu\u00dfb\u00e4llen jongliert <\/div> <\/div> <\/div> <!-- close group --> <div class=\"gallery-group images-1\" style=\"width: 440px; height: 331px;\" data-original-width=\"440\" data-original-height=\"331\" > <div class=\"tiled-gallery-item tiled-gallery-item-large\" itemprop=\"associatedMedia\" itemscope itemtype=\"http:\/\/schema.org\/ImageObject\"> <a class=\"nolightbox\" class=\"nolightbox\" href=\"https:\/\/spirit-of-football.de\/2018\/03\/26\/fuenfte-ballreise-zur-wm-nach-russland-am-sonntag-im-londoner-battersea-park-gestartet\/2018-03-25-kick-off-batterea-park-33\/\" border=\"0\" itemprop=\"url\"> <meta itemprop=\"width\" content=\"436\"> <meta itemprop=\"height\" content=\"327\"> <img decoding=\"async\" class=\"\" data-attachment-id=\"7353\" data-orig-file=\"https:\/\/theball.tv\/2018\/wp-content\/uploads\/sites\/12\/2018\/03\/2018-03-25-kick-off-batterea-park-33.jpg\" data-orig-size=\"1600,1200\" data-comments-opened=\"\" data-image-meta=\"{&quot;aperture&quot;:&quot;2.4&quot;,&quot;credit&quot;:&quot;&quot;,&quot;camera&quot;:&quot;SM-G965F&quot;,&quot;caption&quot;:&quot;&quot;,&quot;created_timestamp&quot;:&quot;1521984901&quot;,&quot;copyright&quot;:&quot;&quot;,&quot;focal_length&quot;:&quot;4.3&quot;,&quot;iso&quot;:&quot;50&quot;,&quot;shutter_speed&quot;:&quot;0.0027027027027027&quot;,&quot;title&quot;:&quot;&quot;,&quot;orientation&quot;:&quot;1&quot;}\" data-image-title=\"2018 03 25 kick off batterea park-33\" data-image-description=\"\" data-medium-file=\"https:\/\/theball.tv\/2018\/wp-content\/uploads\/sites\/12\/2018\/03\/2018-03-25-kick-off-batterea-park-33-300x225.jpg\" data-large-file=\"https:\/\/theball.tv\/2018\/wp-content\/uploads\/sites\/12\/2018\/03\/2018-03-25-kick-off-batterea-park-33-1024x768.jpg\" src=\"https:\/\/theball.tv\/2018\/wp-content\/uploads\/sites\/12\/2018\/03\/2018-03-25-kick-off-batterea-park-33.jpg\" srcset=\"https:\/\/theball.tv\/2018\/wp-content\/uploads\/sites\/12\/2018\/03\/2018-03-25-kick-off-batterea-park-33.jpg 1600w, https:\/\/theball.tv\/2018\/wp-content\/uploads\/sites\/12\/2018\/03\/2018-03-25-kick-off-batterea-park-33-1536x1152.jpg 1536w, https:\/\/theball.tv\/2018\/wp-content\/uploads\/sites\/12\/2018\/03\/2018-03-25-kick-off-batterea-park-33-16x12.jpg 16w, https:\/\/theball.tv\/2018\/wp-content\/uploads\/sites\/12\/2018\/03\/2018-03-25-kick-off-batterea-park-33-960x720.jpg 960w, https:\/\/theball.tv\/2018\/wp-content\/uploads\/sites\/12\/2018\/03\/2018-03-25-kick-off-batterea-park-33-427x320.jpg 427w, https:\/\/theball.tv\/2018\/wp-content\/uploads\/sites\/12\/2018\/03\/2018-03-25-kick-off-batterea-park-33-640x480.jpg 640w, https:\/\/theball.tv\/2018\/wp-content\/uploads\/sites\/12\/2018\/03\/2018-03-25-kick-off-batterea-park-33-618x464.jpg 618w, https:\/\/theball.tv\/2018\/wp-content\/uploads\/sites\/12\/2018\/03\/2018-03-25-kick-off-batterea-park-33-240x180.jpg 240w, https:\/\/theball.tv\/2018\/wp-content\/uploads\/sites\/12\/2018\/03\/2018-03-25-kick-off-batterea-park-33-980x735.jpg 980w, https:\/\/theball.tv\/2018\/wp-content\/uploads\/sites\/12\/2018\/03\/2018-03-25-kick-off-batterea-park-33-300x225.jpg 300w, https:\/\/theball.tv\/2018\/wp-content\/uploads\/sites\/12\/2018\/03\/2018-03-25-kick-off-batterea-park-33-768x576.jpg 768w, https:\/\/theball.tv\/2018\/wp-content\/uploads\/sites\/12\/2018\/03\/2018-03-25-kick-off-batterea-park-33-1024x768.jpg 1024w, https:\/\/theball.tv\/2018\/wp-content\/uploads\/sites\/12\/2018\/03\/2018-03-25-kick-off-batterea-park-33-400x300.jpg 400w\" width=\"436\" height=\"327\" loading=\"lazy\" data-original-width=\"436\" data-original-height=\"327\" itemprop=\"http:\/\/schema.org\/image\" title=\"2018 03 25 kick off batterea park-33\" alt=\"Gentleman get your self ready for some juggeling\" style=\"width: 436px; height: 327px;\" \/> <\/a> <div class=\"tiled-gallery-caption\" itemprop=\"caption description\"> Gentleman get your self ready for some juggeling <\/div> <\/div> <\/div> <!-- close group --> <\/div> <!-- close row --> <div class=\"gallery-row\" style=\"width: 660px; height: 249px;\" data-original-width=\"660\" data-original-height=\"249\" > <div class=\"gallery-group images-1\" style=\"width: 330px; height: 249px;\" data-original-width=\"330\" data-original-height=\"249\" > <div class=\"tiled-gallery-item tiled-gallery-item-large\" itemprop=\"associatedMedia\" itemscope itemtype=\"http:\/\/schema.org\/ImageObject\"> <a class=\"nolightbox\" class=\"nolightbox\" href=\"https:\/\/spirit-of-football.de\/2018\/03\/26\/fuenfte-ballreise-zur-wm-nach-russland-am-sonntag-im-londoner-battersea-park-gestartet\/2018-03-25-kick-off-batterea-park-34\/\" border=\"0\" itemprop=\"url\"> <meta itemprop=\"width\" content=\"326\"> <meta itemprop=\"height\" content=\"245\"> <img decoding=\"async\" class=\"\" data-attachment-id=\"7354\" data-orig-file=\"https:\/\/theball.tv\/2018\/wp-content\/uploads\/sites\/12\/2018\/03\/2018-03-25-kick-off-batterea-park-34.jpg\" data-orig-size=\"1600,1200\" data-comments-opened=\"\" data-image-meta=\"{&quot;aperture&quot;:&quot;2.4&quot;,&quot;credit&quot;:&quot;&quot;,&quot;camera&quot;:&quot;SM-G965F&quot;,&quot;caption&quot;:&quot;&quot;,&quot;created_timestamp&quot;:&quot;1521984905&quot;,&quot;copyright&quot;:&quot;&quot;,&quot;focal_length&quot;:&quot;4.3&quot;,&quot;iso&quot;:&quot;50&quot;,&quot;shutter_speed&quot;:&quot;0.0024875621890547&quot;,&quot;title&quot;:&quot;&quot;,&quot;orientation&quot;:&quot;1&quot;}\" data-image-title=\"2018 03 25 kick off batterea park-34\" data-image-description=\"\" data-medium-file=\"https:\/\/theball.tv\/2018\/wp-content\/uploads\/sites\/12\/2018\/03\/2018-03-25-kick-off-batterea-park-34-300x225.jpg\" data-large-file=\"https:\/\/theball.tv\/2018\/wp-content\/uploads\/sites\/12\/2018\/03\/2018-03-25-kick-off-batterea-park-34-1024x768.jpg\" src=\"https:\/\/theball.tv\/2018\/wp-content\/uploads\/sites\/12\/2018\/03\/2018-03-25-kick-off-batterea-park-34.jpg\" srcset=\"https:\/\/theball.tv\/2018\/wp-content\/uploads\/sites\/12\/2018\/03\/2018-03-25-kick-off-batterea-park-34.jpg 1600w, https:\/\/theball.tv\/2018\/wp-content\/uploads\/sites\/12\/2018\/03\/2018-03-25-kick-off-batterea-park-34-1536x1152.jpg 1536w, https:\/\/theball.tv\/2018\/wp-content\/uploads\/sites\/12\/2018\/03\/2018-03-25-kick-off-batterea-park-34-16x12.jpg 16w, https:\/\/theball.tv\/2018\/wp-content\/uploads\/sites\/12\/2018\/03\/2018-03-25-kick-off-batterea-park-34-960x720.jpg 960w, https:\/\/theball.tv\/2018\/wp-content\/uploads\/sites\/12\/2018\/03\/2018-03-25-kick-off-batterea-park-34-427x320.jpg 427w, https:\/\/theball.tv\/2018\/wp-content\/uploads\/sites\/12\/2018\/03\/2018-03-25-kick-off-batterea-park-34-640x480.jpg 640w, https:\/\/theball.tv\/2018\/wp-content\/uploads\/sites\/12\/2018\/03\/2018-03-25-kick-off-batterea-park-34-618x464.jpg 618w, https:\/\/theball.tv\/2018\/wp-content\/uploads\/sites\/12\/2018\/03\/2018-03-25-kick-off-batterea-park-34-240x180.jpg 240w, https:\/\/theball.tv\/2018\/wp-content\/uploads\/sites\/12\/2018\/03\/2018-03-25-kick-off-batterea-park-34-980x735.jpg 980w, https:\/\/theball.tv\/2018\/wp-content\/uploads\/sites\/12\/2018\/03\/2018-03-25-kick-off-batterea-park-34-300x225.jpg 300w, https:\/\/theball.tv\/2018\/wp-content\/uploads\/sites\/12\/2018\/03\/2018-03-25-kick-off-batterea-park-34-768x576.jpg 768w, https:\/\/theball.tv\/2018\/wp-content\/uploads\/sites\/12\/2018\/03\/2018-03-25-kick-off-batterea-park-34-1024x768.jpg 1024w, https:\/\/theball.tv\/2018\/wp-content\/uploads\/sites\/12\/2018\/03\/2018-03-25-kick-off-batterea-park-34-400x300.jpg 400w\" width=\"326\" height=\"245\" loading=\"lazy\" data-original-width=\"326\" data-original-height=\"245\" itemprop=\"http:\/\/schema.org\/image\" title=\"2018 03 25 kick off batterea park-34\" alt=\"Die f\u00fcnf Fu\u00dfb\u00e4lle in Aktion\" style=\"width: 326px; height: 245px;\" \/> <\/a> <div class=\"tiled-gallery-caption\" itemprop=\"caption description\"> Die f\u00fcnf Fu\u00dfb\u00e4lle in Aktion <\/div> <\/div> <\/div> <!-- close group --> <div class=\"gallery-group images-1\" style=\"width: 330px; height: 249px;\" data-original-width=\"330\" data-original-height=\"249\" > <div class=\"tiled-gallery-item tiled-gallery-item-large\" itemprop=\"associatedMedia\" itemscope itemtype=\"http:\/\/schema.org\/ImageObject\"> <a class=\"nolightbox\" class=\"nolightbox\" href=\"https:\/\/spirit-of-football.de\/2018\/03\/26\/fuenfte-ballreise-zur-wm-nach-russland-am-sonntag-im-londoner-battersea-park-gestartet\/2018-03-25-kick-off-batterea-park-35\/\" border=\"0\" itemprop=\"url\"> <meta itemprop=\"width\" content=\"326\"> <meta itemprop=\"height\" content=\"245\"> <img decoding=\"async\" class=\"\" data-attachment-id=\"7355\" data-orig-file=\"https:\/\/theball.tv\/2018\/wp-content\/uploads\/sites\/12\/2018\/03\/2018-03-25-kick-off-batterea-park-35.jpg\" data-orig-size=\"1600,1200\" data-comments-opened=\"\" data-image-meta=\"{&quot;aperture&quot;:&quot;2.4&quot;,&quot;credit&quot;:&quot;&quot;,&quot;camera&quot;:&quot;SM-G965F&quot;,&quot;caption&quot;:&quot;&quot;,&quot;created_timestamp&quot;:&quot;1522001046&quot;,&quot;copyright&quot;:&quot;&quot;,&quot;focal_length&quot;:&quot;4.3&quot;,&quot;iso&quot;:&quot;64&quot;,&quot;shutter_speed&quot;:&quot;0.02&quot;,&quot;title&quot;:&quot;&quot;,&quot;orientation&quot;:&quot;1&quot;}\" data-image-title=\"2018 03 25 kick off batterea park-35\" data-image-description=\"\" data-medium-file=\"https:\/\/theball.tv\/2018\/wp-content\/uploads\/sites\/12\/2018\/03\/2018-03-25-kick-off-batterea-park-35-300x225.jpg\" data-large-file=\"https:\/\/theball.tv\/2018\/wp-content\/uploads\/sites\/12\/2018\/03\/2018-03-25-kick-off-batterea-park-35-1024x768.jpg\" src=\"https:\/\/theball.tv\/2018\/wp-content\/uploads\/sites\/12\/2018\/03\/2018-03-25-kick-off-batterea-park-35.jpg\" srcset=\"https:\/\/theball.tv\/2018\/wp-content\/uploads\/sites\/12\/2018\/03\/2018-03-25-kick-off-batterea-park-35.jpg 1600w, https:\/\/theball.tv\/2018\/wp-content\/uploads\/sites\/12\/2018\/03\/2018-03-25-kick-off-batterea-park-35-1536x1152.jpg 1536w, https:\/\/theball.tv\/2018\/wp-content\/uploads\/sites\/12\/2018\/03\/2018-03-25-kick-off-batterea-park-35-16x12.jpg 16w, https:\/\/theball.tv\/2018\/wp-content\/uploads\/sites\/12\/2018\/03\/2018-03-25-kick-off-batterea-park-35-960x720.jpg 960w, https:\/\/theball.tv\/2018\/wp-content\/uploads\/sites\/12\/2018\/03\/2018-03-25-kick-off-batterea-park-35-427x320.jpg 427w, https:\/\/theball.tv\/2018\/wp-content\/uploads\/sites\/12\/2018\/03\/2018-03-25-kick-off-batterea-park-35-640x480.jpg 640w, https:\/\/theball.tv\/2018\/wp-content\/uploads\/sites\/12\/2018\/03\/2018-03-25-kick-off-batterea-park-35-618x464.jpg 618w, https:\/\/theball.tv\/2018\/wp-content\/uploads\/sites\/12\/2018\/03\/2018-03-25-kick-off-batterea-park-35-240x180.jpg 240w, https:\/\/theball.tv\/2018\/wp-content\/uploads\/sites\/12\/2018\/03\/2018-03-25-kick-off-batterea-park-35-980x735.jpg 980w, https:\/\/theball.tv\/2018\/wp-content\/uploads\/sites\/12\/2018\/03\/2018-03-25-kick-off-batterea-park-35-300x225.jpg 300w, https:\/\/theball.tv\/2018\/wp-content\/uploads\/sites\/12\/2018\/03\/2018-03-25-kick-off-batterea-park-35-768x576.jpg 768w, https:\/\/theball.tv\/2018\/wp-content\/uploads\/sites\/12\/2018\/03\/2018-03-25-kick-off-batterea-park-35-1024x768.jpg 1024w, https:\/\/theball.tv\/2018\/wp-content\/uploads\/sites\/12\/2018\/03\/2018-03-25-kick-off-batterea-park-35-400x300.jpg 400w\" width=\"326\" height=\"245\" loading=\"lazy\" data-original-width=\"326\" data-original-height=\"245\" itemprop=\"http:\/\/schema.org\/image\" title=\"2018 03 25 kick off batterea park-35\" alt=\"Erstes spontanes Fu\u00dfballspiel am Nachmittag am London Eye\" style=\"width: 326px; height: 245px;\" \/> <\/a> <div class=\"tiled-gallery-caption\" itemprop=\"caption description\"> Erstes spontanes Fu\u00dfballspiel am Nachmittag am London Eye <\/div> <\/div> <\/div> <!-- close group --> <\/div> <!-- close row --> <\/div>\n","protected":false},"excerpt":{"rendered":"<p>Four years after the last Ball Journey, the moment for the Kick-off 2018 had come on March 25th! Spirit of Football has started its fifth journey, which will take The Ball through 15 countries to the World Cup in Russia. The official opening began with a fair-play football game, during which children and adults from [&hellip;]<\/p>\n","protected":false},"author":75,"featured_media":267,"comment_status":"open","ping_status":"open","sticky":false,"template":"","format":"standard","meta":{"footnotes":""},"categories":[3],"tags":[],"coauthors":[17,8],"class_list":["post-263","post","type-post","status-publish","format-standard","has-post-thumbnail","hentry","category-england"],"geo":{"latitude":51.47630310000000264381014858372509479522705078125,"longitude":-0.1596930000000000016147083670148276723921298980712890625,"description":"4NJ, Battersea Bridge, London, Vereinigtes K\u00f6nigreich"},"jetpack_featured_media_url":"https:\/\/theball.tv\/2018\/wp-content\/uploads\/sites\/13\/2018\/03\/teaser-kick-off-2018.jpg","_links":{"self":[{"href":"https:\/\/theball.tv\/2018\/wp-json\/wp\/v2\/posts\/263","targetHints":{"allow":["GET"]}}],"collection":[{"href":"https:\/\/theball.tv\/2018\/wp-json\/wp\/v2\/posts"}],"about":[{"href":"https:\/\/theball.tv\/2018\/wp-json\/wp\/v2\/types\/post"}],"author":[{"embeddable":true,"href":"https:\/\/theball.tv\/2018\/wp-json\/wp\/v2\/users\/75"}],"replies":[{"embeddable":true,"href":"https:\/\/theball.tv\/2018\/wp-json\/wp\/v2\/comments?post=263"}],"version-history":[{"count":6,"href":"https:\/\/theball.tv\/2018\/wp-json\/wp\/v2\/posts\/263\/revisions"}],"predecessor-version":[{"id":270,"href":"https:\/\/theball.tv\/2018\/wp-json\/wp\/v2\/posts\/263\/revisions\/270"}],"wp:featuredmedia":[{"embeddable":true,"href":"https:\/\/theball.tv\/2018\/wp-json\/wp\/v2\/media\/267"}],"wp:attachment":[{"href":"https:\/\/theball.tv\/2018\/wp-json\/wp\/v2\/media?parent=263"}],"wp:term":[{"taxonomy":"category","embeddable":true,"href":"https:\/\/theball.tv\/2018\/wp-json\/wp\/v2\/categories?post=263"},{"taxonomy":"post_tag","embeddable":true,"href":"https:\/\/theball.tv\/2018\/wp-json\/wp\/v2\/tags?post=263"},{"taxonomy":"author","embeddable":true,"href":"https:\/\/theball.tv\/2018\/wp-json\/wp\/v2\/coauthors?post=263"}],"curies":[{"name":"wp","href":"https:\/\/api.w.org\/{rel}","templated":true}]}}