{"id":456,"date":"2014-08-13T10:10:27","date_gmt":"2014-08-13T09:10:27","guid":{"rendered":"https:\/\/theball.tv\/2014\/2014\/08\/13\/as-europe-prepares-for-the-start-of-the-new\/"},"modified":"2022-04-29T19:58:52","modified_gmt":"2022-04-29T18:58:52","slug":"the-ball-visits-borussia-dortmund","status":"publish","type":"post","link":"https:\/\/theball.tv\/2014\/2014\/08\/13\/the-ball-visits-borussia-dortmund\/","title":{"rendered":"The Ball visits Borussia Dortmund"},"content":{"rendered":"<p>As Europe prepares for the start of the new season, we take a look at The Ball&#8217;s visit to Borussia Dortmund in February this year. When Robert Lewandowski was still a Borussia player&#8230; Thanks to J\u00fcrgen Klopp Mats Hummels, Sokratis Papastathopoulos Roman Weidenfeller Marco Reus Mitch Langerak Kevin Gro\u00dfkreutz &amp; Ilkay G\u00fcndogan &amp; Sebastian Kehl for being part of the journey. One Ball, One World.<\/p>\n<div class=\"fbfpi_video\">\n<p><span class=\"embed-youtube\" style=\"text-align:center; display: block;\"><iframe loading=\"lazy\" class=\"youtube-player\" width=\"660\" height=\"372\" src=\"https:\/\/www.youtube.com\/embed\/RARvwc424g0?version=3&#038;rel=1&#038;showsearch=0&#038;showinfo=1&#038;iv_load_policy=1&#038;fs=1&#038;hl=en-GB&#038;autohide=2&#038;wmode=transparent\" allowfullscreen=\"true\" style=\"border:0;\" sandbox=\"allow-scripts allow-same-origin allow-popups allow-presentation allow-popups-to-escape-sandbox\"><\/iframe><\/span><\/p>\n<div class=\"fbfpi_text\">\n<h4><a href=\"https:\/\/www.youtube.com\/watch?v=RARvwc424g0\" target=\"_self\" rel=\"noopener\">The Ball 2014 @Borussia Dortmund<\/a><\/h4>\n<p>Im Januar besuchte The Ball das Team von Borussia Dortmund. Auf dem Weg zur WM nach Brasilien machte das SoF-Team einen Zwischenstopp bei den Schwarz-Gelben&#8230;.<\/p>\n<\/div>\n<\/div>\n","protected":false},"excerpt":{"rendered":"<p>As Europe prepares for the start of the new season, we take a look at The Ball&#8217;s visit to Borussia Dortmund in February this year. When Robert Lewandowski was still a Borussia player&#8230; Thanks to J\u00fcrgen Klopp Mats Hummels, Sokratis Papastathopoulos Roman Weidenfeller Marco Reus Mitch Langerak Kevin Gro\u00dfkreutz &#038; Ilkay G\u00fcndogan &#038; Sebastian Kehl for being part of the journey. One Ball, One World.<\/p>\n","protected":false},"author":6,"featured_media":457,"comment_status":"closed","ping_status":"open","sticky":false,"template":"","format":"standard","meta":{"footnotes":""},"categories":[6],"tags":[],"class_list":["post-456","post","type-post","status-publish","format-standard","has-post-thumbnail","hentry","category-facebook"],"geo":null,"jetpack_featured_media_url":"https:\/\/theball.tv\/2014\/wp-content\/uploads\/sites\/8\/2016\/05\/fbfpi_773edaaa2564dc89ed7b9eba1e436fa5.jpg","_links":{"self":[{"href":"https:\/\/theball.tv\/2014\/wp-json\/wp\/v2\/posts\/456","targetHints":{"allow":["GET"]}}],"collection":[{"href":"https:\/\/theball.tv\/2014\/wp-json\/wp\/v2\/posts"}],"about":[{"href":"https:\/\/theball.tv\/2014\/wp-json\/wp\/v2\/types\/post"}],"author":[{"embeddable":true,"href":"https:\/\/theball.tv\/2014\/wp-json\/wp\/v2\/users\/6"}],"replies":[{"embeddable":true,"href":"https:\/\/theball.tv\/2014\/wp-json\/wp\/v2\/comments?post=456"}],"version-history":[{"count":3,"href":"https:\/\/theball.tv\/2014\/wp-json\/wp\/v2\/posts\/456\/revisions"}],"predecessor-version":[{"id":3980,"href":"https:\/\/theball.tv\/2014\/wp-json\/wp\/v2\/posts\/456\/revisions\/3980"}],"wp:featuredmedia":[{"embeddable":true,"href":"https:\/\/theball.tv\/2014\/wp-json\/wp\/v2\/media\/457"}],"wp:attachment":[{"href":"https:\/\/theball.tv\/2014\/wp-json\/wp\/v2\/media?parent=456"}],"wp:term":[{"taxonomy":"category","embeddable":true,"href":"https:\/\/theball.tv\/2014\/wp-json\/wp\/v2\/categories?post=456"},{"taxonomy":"post_tag","embeddable":true,"href":"https:\/\/theball.tv\/2014\/wp-json\/wp\/v2\/tags?post=456"}],"curies":[{"name":"wp","href":"https:\/\/api.w.org\/{rel}","templated":true}]}}