{"id":2415,"date":"2012-11-29T11:05:44","date_gmt":"2012-11-29T11:05:44","guid":{"rendered":"https:\/\/theball.tv\/2014\/2012\/11\/29\/happy-birthday-fc-barcelona-113-not-bad\/"},"modified":"2016-05-02T15:14:23","modified_gmt":"2016-05-02T14:14:23","slug":"happy-birthday-fc-barcelona-113-not-bad","status":"publish","type":"post","link":"https:\/\/theball.tv\/2014\/2012\/11\/29\/happy-birthday-fc-barcelona-113-not-bad\/","title":{"rendered":"Happy Birthday FC Barcelona. 113. Not bad"},"content":{"rendered":"<p>Happy Birthday FC Barcelona. 113. Not bad :-)<\/p>\n<div class=\"fbfpi_photo\"><img decoding=\"async\" src=\"https:\/\/theball.tv\/2014\/wp-content\/uploads\/sites\/8\/2016\/05\/fbfpi_7c0ebbd29645ecd52cc3c0c505245a5c.jpg\"><\/p>\n<div class=\"fbfpi_text\">\n<h4><a href=\"https:\/\/www.facebook.com\/fcbarcelona\/photos\/a.299455459304.180838.197394889304\/10151420335964305\/?type=3\" target=\"_self\">FC Barcelona<\/a><\/h4>\n<p>Happy Birthday! FC Barcelona turns 113 years old http:\/\/goo.gl\/lB094<\/p>\n<p>113 anys de la fundaci\u00f3 del Bar\u00e7a http:\/\/goo.gl\/GzMEA<\/p>\n<p>113 a\u00f1os de la fundaci\u00f3n del Bar\u00e7a http:\/\/goo.gl\/rMwIs<\/p>\n<\/div>\n<\/div>\n","protected":false},"excerpt":{"rendered":"<p>Happy Birthday FC Barcelona. 113. Not bad :-)<\/p>\n","protected":false},"author":6,"featured_media":2416,"comment_status":"closed","ping_status":"open","sticky":false,"template":"","format":"standard","meta":{"footnotes":""},"categories":[6],"tags":[],"class_list":["post-2415","post","type-post","status-publish","format-standard","has-post-thumbnail","hentry","category-facebook"],"geo":null,"jetpack_featured_media_url":"https:\/\/theball.tv\/2014\/wp-content\/uploads\/sites\/8\/2016\/05\/fbfpi_7c0ebbd29645ecd52cc3c0c505245a5c.jpg","_links":{"self":[{"href":"https:\/\/theball.tv\/2014\/wp-json\/wp\/v2\/posts\/2415","targetHints":{"allow":["GET"]}}],"collection":[{"href":"https:\/\/theball.tv\/2014\/wp-json\/wp\/v2\/posts"}],"about":[{"href":"https:\/\/theball.tv\/2014\/wp-json\/wp\/v2\/types\/post"}],"author":[{"embeddable":true,"href":"https:\/\/theball.tv\/2014\/wp-json\/wp\/v2\/users\/6"}],"replies":[{"embeddable":true,"href":"https:\/\/theball.tv\/2014\/wp-json\/wp\/v2\/comments?post=2415"}],"version-history":[{"count":1,"href":"https:\/\/theball.tv\/2014\/wp-json\/wp\/v2\/posts\/2415\/revisions"}],"predecessor-version":[{"id":2417,"href":"https:\/\/theball.tv\/2014\/wp-json\/wp\/v2\/posts\/2415\/revisions\/2417"}],"wp:featuredmedia":[{"embeddable":true,"href":"https:\/\/theball.tv\/2014\/wp-json\/wp\/v2\/media\/2416"}],"wp:attachment":[{"href":"https:\/\/theball.tv\/2014\/wp-json\/wp\/v2\/media?parent=2415"}],"wp:term":[{"taxonomy":"category","embeddable":true,"href":"https:\/\/theball.tv\/2014\/wp-json\/wp\/v2\/categories?post=2415"},{"taxonomy":"post_tag","embeddable":true,"href":"https:\/\/theball.tv\/2014\/wp-json\/wp\/v2\/tags?post=2415"}],"curies":[{"name":"wp","href":"https:\/\/api.w.org\/{rel}","templated":true}]}}