{"id":2209,"date":"2013-01-22T12:23:44","date_gmt":"2013-01-22T12:23:44","guid":{"rendered":"https:\/\/theball.tv\/2014\/2013\/01\/22\/brazil-is-getting-ready-for-2014-in-one-years\/"},"modified":"2016-05-02T15:12:11","modified_gmt":"2016-05-02T14:12:11","slug":"brazil-is-getting-ready-for-2014-in-one-years","status":"publish","type":"post","link":"https:\/\/theball.tv\/2014\/2013\/01\/22\/brazil-is-getting-ready-for-2014-in-one-years\/","title":{"rendered":"Brazil is getting ready for 2014. In one year&#8217;s &#8230;"},"content":{"rendered":"<p>Brazil is getting ready for 2014. In one year&#8217;s time The Ball 2014 will be rolling on its way to Brazil.<\/p>\n<div class=\"fbfpi_photo\"><img decoding=\"async\" src=\"https:\/\/theball.tv\/2014\/wp-content\/uploads\/sites\/8\/2016\/05\/fbfpi_dc6117c95e6d36a47236cd9599d3efa9.jpg\"><\/p>\n<div class=\"fbfpi_text\">\n<h4><a href=\"https:\/\/www.facebook.com\/SOF2014\/photos\/a.326634244030262.100383.314865975207089\/589108271116190\/?type=3\" target=\"_self\">SOF2014<\/a><\/h4>\n<p>Sede da Bahia na Copa do Mundo-2014, a Arena Fonte Nova j\u00e1 tem data para ser entregue. O est\u00e1dio ser\u00e1 inaugurado no dia 28 de fevereiro. =) http:\/\/goo.gl\/WE6dJ<\/p>\n<\/div>\n<\/div>\n","protected":false},"excerpt":{"rendered":"<p>Brazil is getting ready for 2014. In one year&#8217;s time The Ball 2014 will be rolling on its way to Brazil.<\/p>\n","protected":false},"author":6,"featured_media":2210,"comment_status":"closed","ping_status":"open","sticky":false,"template":"","format":"standard","meta":{"footnotes":""},"categories":[6],"tags":[],"class_list":["post-2209","post","type-post","status-publish","format-standard","has-post-thumbnail","hentry","category-facebook"],"geo":null,"jetpack_featured_media_url":"https:\/\/theball.tv\/2014\/wp-content\/uploads\/sites\/8\/2016\/05\/fbfpi_dc6117c95e6d36a47236cd9599d3efa9.jpg","_links":{"self":[{"href":"https:\/\/theball.tv\/2014\/wp-json\/wp\/v2\/posts\/2209","targetHints":{"allow":["GET"]}}],"collection":[{"href":"https:\/\/theball.tv\/2014\/wp-json\/wp\/v2\/posts"}],"about":[{"href":"https:\/\/theball.tv\/2014\/wp-json\/wp\/v2\/types\/post"}],"author":[{"embeddable":true,"href":"https:\/\/theball.tv\/2014\/wp-json\/wp\/v2\/users\/6"}],"replies":[{"embeddable":true,"href":"https:\/\/theball.tv\/2014\/wp-json\/wp\/v2\/comments?post=2209"}],"version-history":[{"count":1,"href":"https:\/\/theball.tv\/2014\/wp-json\/wp\/v2\/posts\/2209\/revisions"}],"predecessor-version":[{"id":2211,"href":"https:\/\/theball.tv\/2014\/wp-json\/wp\/v2\/posts\/2209\/revisions\/2211"}],"wp:featuredmedia":[{"embeddable":true,"href":"https:\/\/theball.tv\/2014\/wp-json\/wp\/v2\/media\/2210"}],"wp:attachment":[{"href":"https:\/\/theball.tv\/2014\/wp-json\/wp\/v2\/media?parent=2209"}],"wp:term":[{"taxonomy":"category","embeddable":true,"href":"https:\/\/theball.tv\/2014\/wp-json\/wp\/v2\/categories?post=2209"},{"taxonomy":"post_tag","embeddable":true,"href":"https:\/\/theball.tv\/2014\/wp-json\/wp\/v2\/tags?post=2209"}],"curies":[{"name":"wp","href":"https:\/\/api.w.org\/{rel}","templated":true}]}}